{"id":126240,"date":"2019-10-13T11:41:11","date_gmt":"2019-10-13T14:41:11","guid":{"rendered":"http:\/\/www.caririemacao.com\/1\/?p=126240"},"modified":"2019-10-13T11:41:11","modified_gmt":"2019-10-13T14:41:11","slug":"concurso-para-procurador-geral-do-estado-tera-12-vagas-e-edital-deve-ser-lancado-em-novembro","status":"publish","type":"post","link":"https:\/\/www.caririemacao.com\/1\/2019\/10\/13\/concurso-para-procurador-geral-do-estado-tera-12-vagas-e-edital-deve-ser-lancado-em-novembro\/","title":{"rendered":"Concurso para procurador-Geral do Estado ter\u00e1 12 vagas e edital deve ser lan\u00e7ado em novembro"},"content":{"rendered":"\n<p>O concurso p\u00fablico da Procuradoria-Geral do Estado da Para\u00edba ter\u00e1 12 vagas para o cargo de procurador. A informa\u00e7\u00e3o foi revelada pelo procurador-geral do Estado, F\u00e1bio Andrade Medeiros, em entrevista ao portal WSCom.<\/p>\n\n\n\n<p>F\u00e1bio Andrade disse que at\u00e9 o final de novembro o edital desse certame deve ser lan\u00e7ado. A prova deve ser aplicada no primeiro semestre de 2020.<\/p>\n\n\n\n<p>A comiss\u00e3o organizadora do concurso j\u00e1 est\u00e1 trabalhando na elabora\u00e7\u00e3o do certame, inclusive na etapa de contrata\u00e7\u00e3o da empresa que executar\u00e1 o processo.<\/p>\n\n\n\n<p>Os integrantes da comiss\u00e3o interna que cuida do concurso s\u00e3o o procurador-geral do Estado, F\u00e1bio Andrade Medeiros; o procurador-geral adjunto, Paulo M\u00e1rcio Soares Madruga; os procuradores de Estado Daniele Cristina Ces\u00e1rio Tavares de Albuquerque, Felipe Tadeu Lima Silvino, Ricardo Ruiz Arias Nunes; e o advogado Wilson Ribeiro de Moraes Neto, representando a Ordem dos Advogados do Brasil \u2013 Secional da Para\u00edba (OAB-PB).<\/p>\n\n\n\n<p><strong>\u00daltimo concurso em 2008<\/strong><\/p>\n\n\n\n<p>O \u00faltimo concurso teve seu edital publicado em 2007 e as provas aplicadas em 2008. O certame ofertou 30 vagas para o cargo de Procurador do Estado e a banca organizadora foi o CESPE\/UnB, atual CEBRASPE, e contou com 14.609 inscritos.<\/p>\n","protected":false},"excerpt":{"rendered":"<p>O concurso p\u00fablico da Procuradoria-Geral do Estado da Para\u00edba ter\u00e1 12 vagas para o cargo de procurador. A informa\u00e7\u00e3o foi revelada pelo procurador-geral do Estado,&hellip; <\/p>\n","protected":false},"author":1,"featured_media":106065,"comment_status":"closed","ping_status":"closed","sticky":false,"template":"","format":"standard","meta":{"sfsi_plus_gutenberg_text_before_share":"","sfsi_plus_gutenberg_show_text_before_share":"","sfsi_plus_gutenberg_icon_type":"","sfsi_plus_gutenberg_icon_alignemt":"","sfsi_plus_gutenburg_max_per_row":"","footnotes":""},"categories":[2],"tags":[],"class_list":["post-126240","post","type-post","status-publish","format-standard","has-post-thumbnail","hentry","category-geral"],"_links":{"self":[{"href":"https:\/\/www.caririemacao.com\/1\/wp-json\/wp\/v2\/posts\/126240","targetHints":{"allow":["GET"]}}],"collection":[{"href":"https:\/\/www.caririemacao.com\/1\/wp-json\/wp\/v2\/posts"}],"about":[{"href":"https:\/\/www.caririemacao.com\/1\/wp-json\/wp\/v2\/types\/post"}],"author":[{"embeddable":true,"href":"https:\/\/www.caririemacao.com\/1\/wp-json\/wp\/v2\/users\/1"}],"replies":[{"embeddable":true,"href":"https:\/\/www.caririemacao.com\/1\/wp-json\/wp\/v2\/comments?post=126240"}],"version-history":[{"count":1,"href":"https:\/\/www.caririemacao.com\/1\/wp-json\/wp\/v2\/posts\/126240\/revisions"}],"predecessor-version":[{"id":126241,"href":"https:\/\/www.caririemacao.com\/1\/wp-json\/wp\/v2\/posts\/126240\/revisions\/126241"}],"wp:featuredmedia":[{"embeddable":true,"href":"https:\/\/www.caririemacao.com\/1\/wp-json\/wp\/v2\/media\/106065"}],"wp:attachment":[{"href":"https:\/\/www.caririemacao.com\/1\/wp-json\/wp\/v2\/media?parent=126240"}],"wp:term":[{"taxonomy":"category","embeddable":true,"href":"https:\/\/www.caririemacao.com\/1\/wp-json\/wp\/v2\/categories?post=126240"},{"taxonomy":"post_tag","embeddable":true,"href":"https:\/\/www.caririemacao.com\/1\/wp-json\/wp\/v2\/tags?post=126240"}],"curies":[{"name":"wp","href":"https:\/\/api.w.org\/{rel}","templated":true}]}}