{"id":126242,"date":"2019-10-13T11:42:33","date_gmt":"2019-10-13T14:42:33","guid":{"rendered":"http:\/\/www.caririemacao.com\/1\/?p=126242"},"modified":"2019-10-13T11:42:33","modified_gmt":"2019-10-13T14:42:33","slug":"jair-diz-que-governo-diminuiu-crimes","status":"publish","type":"post","link":"https:\/\/www.caririemacao.com\/1\/2019\/10\/13\/jair-diz-que-governo-diminuiu-crimes\/","title":{"rendered":"Jair diz que governo diminuiu crimes"},"content":{"rendered":"\n<p>O presidente Jair Bolsonaro, pelo Twitter, destacou na manh\u00e3 de hoje (13), uma s\u00e9rie de a\u00e7\u00f5es do governo anunciadas neste m\u00eas. Ao todo, Bolsonaro enumerou 23 pontos que considera positivos que ocorreram at\u00e9 a segunda semana de outubro.<\/p>\n\n\n\n<p>Entre as a\u00e7\u00f5es, Bolsonaro citou a redu\u00e7\u00e3o de crimes, a defla\u00e7\u00e3o de 0,04% em&nbsp;setembro,&nbsp;a san\u00e7\u00e3o do novo marco das&nbsp;telecomunica\u00e7\u00f5es&nbsp;&nbsp;e o an\u00fancio do aumento do limite para compras em<em>&nbsp;free shops<\/em>.<\/p>\n\n\n\n<p>O presidente citou ainda o lan\u00e7amento do programa Novos Caminhos pelo Minist\u00e9rio da \u00b4Educa\u00e7\u00e3o que pretende criar 1,5 milh\u00e3o de matr\u00edculas na educa\u00e7\u00e3o&nbsp;profissional. \u201cFaculdade \u00e9 fundamental, contudo o ensino t\u00e9cnico \u00e9 o motor para o retorno do dinheiro do contribuinte de forma r\u00e1pida e eficaz\u201d, comentou.<\/p>\n\n\n\n<p><strong>Veja o tweet:<\/strong><\/p>\n\n\n\n<figure class=\"wp-block-image\"><a href=\"https:\/\/twitter.com\/jairbolsonaro\"><img decoding=\"async\" data-src=\"https:\/\/pbs.twimg.com\/profile_images\/1057631480459886595\/9VPdGJJz_normal.jpg\" alt=\"\" src=\"data:image\/svg+xml;base64,PHN2ZyB3aWR0aD0iMSIgaGVpZ2h0PSIxIiB4bWxucz0iaHR0cDovL3d3dy53My5vcmcvMjAwMC9zdmciPjwvc3ZnPg==\" class=\"lazyload\" \/><\/a><\/figure>\n\n\n\n<p><a href=\"https:\/\/twitter.com\/jairbolsonaro\"><strong>Jair M. Bolsonaro<\/strong><strong>&#x2714;<\/strong>@jairbolsonaro<\/a><a href=\"https:\/\/twitter.com\/jairbolsonaro\/status\/1183346718173212672\"><\/a><\/p>\n\n\n\n<p>ALGUNS PONTOS POSITIVOS DO GOVERNO BOLSONARO NA 2a SEMANA DE OUTUBRO:<br><br>1- N\u2022 de crimes no 1\u2022 semestre de 2019 e compara\u00e7\u00e3o com mesmo per\u00edodo de 2018. Menos 5423 assassinatos. Roubos a bancos ca\u00edram 40%. Roubos a ve\u00edculos, 27% &#8211; SINESP\/MJSP. \u00c9 nosso dever ir al\u00e9m! <a href=\"https:\/\/twitter.com\/SF_Moro\">@SF_Moro<\/a><a href=\"https:\/\/twitter.com\/intent\/like?tweet_id=1183346718173212672\">11,5&nbsp;mil<\/a><a href=\"https:\/\/twitter.com\/jairbolsonaro\/status\/1183346718173212672\">08:40 &#8211; 13 de out de 2019<\/a><a href=\"https:\/\/support.twitter.com\/articles\/20175256\">Informa\u00e7\u00f5es e privacidade no Twitter Ads<\/a><a href=\"https:\/\/twitter.com\/jairbolsonaro\/status\/1183346718173212672\">3.048 pessoas est\u00e3o falando sobre isso<\/a><\/p>\n\n\n\n<p><strong>Ag\u00eancia Brasil<\/strong><\/p>\n","protected":false},"excerpt":{"rendered":"<p>O presidente Jair Bolsonaro, pelo Twitter, destacou na manh\u00e3 de hoje (13), uma s\u00e9rie de a\u00e7\u00f5es do governo anunciadas neste m\u00eas. Ao todo, Bolsonaro enumerou&hellip; <\/p>\n","protected":false},"author":1,"featured_media":106813,"comment_status":"closed","ping_status":"closed","sticky":false,"template":"","format":"standard","meta":{"sfsi_plus_gutenberg_text_before_share":"","sfsi_plus_gutenberg_show_text_before_share":"","sfsi_plus_gutenberg_icon_type":"","sfsi_plus_gutenberg_icon_alignemt":"","sfsi_plus_gutenburg_max_per_row":"","footnotes":""},"categories":[11],"tags":[],"class_list":["post-126242","post","type-post","status-publish","format-standard","has-post-thumbnail","hentry","category-politica"],"_links":{"self":[{"href":"https:\/\/www.caririemacao.com\/1\/wp-json\/wp\/v2\/posts\/126242","targetHints":{"allow":["GET"]}}],"collection":[{"href":"https:\/\/www.caririemacao.com\/1\/wp-json\/wp\/v2\/posts"}],"about":[{"href":"https:\/\/www.caririemacao.com\/1\/wp-json\/wp\/v2\/types\/post"}],"author":[{"embeddable":true,"href":"https:\/\/www.caririemacao.com\/1\/wp-json\/wp\/v2\/users\/1"}],"replies":[{"embeddable":true,"href":"https:\/\/www.caririemacao.com\/1\/wp-json\/wp\/v2\/comments?post=126242"}],"version-history":[{"count":1,"href":"https:\/\/www.caririemacao.com\/1\/wp-json\/wp\/v2\/posts\/126242\/revisions"}],"predecessor-version":[{"id":126243,"href":"https:\/\/www.caririemacao.com\/1\/wp-json\/wp\/v2\/posts\/126242\/revisions\/126243"}],"wp:featuredmedia":[{"embeddable":true,"href":"https:\/\/www.caririemacao.com\/1\/wp-json\/wp\/v2\/media\/106813"}],"wp:attachment":[{"href":"https:\/\/www.caririemacao.com\/1\/wp-json\/wp\/v2\/media?parent=126242"}],"wp:term":[{"taxonomy":"category","embeddable":true,"href":"https:\/\/www.caririemacao.com\/1\/wp-json\/wp\/v2\/categories?post=126242"},{"taxonomy":"post_tag","embeddable":true,"href":"https:\/\/www.caririemacao.com\/1\/wp-json\/wp\/v2\/tags?post=126242"}],"curies":[{"name":"wp","href":"https:\/\/api.w.org\/{rel}","templated":true}]}}