{"id":126251,"date":"2019-10-13T15:42:21","date_gmt":"2019-10-13T18:42:21","guid":{"rendered":"http:\/\/www.caririemacao.com\/1\/?p=126251"},"modified":"2019-10-13T15:42:21","modified_gmt":"2019-10-13T18:42:21","slug":"acidentes-com-menores-no-transito-geram-mais-de-9-mil-indenizacoes","status":"publish","type":"post","link":"https:\/\/www.caririemacao.com\/1\/2019\/10\/13\/acidentes-com-menores-no-transito-geram-mais-de-9-mil-indenizacoes\/","title":{"rendered":"Acidentes com menores no tr\u00e2nsito geram mais de 9 mil indeniza\u00e7\u00f5es"},"content":{"rendered":"\n<p>Acidentes de tr\u00e2nsito geraram indeniza\u00e7\u00f5es para 9.865 crian\u00e7as e adolescentes de at\u00e9 17 anos entre janeiro e setembro deste ano.<\/p>\n\n\n\n<p>O levantamento \u00e9 de uma seguradora, respons\u00e1vel pelo Seguro de Danos Pessoais Causados por Ve\u00edculos Automotores de Vias Terrestres&nbsp; (DPVAT), benef\u00edcio a que todos os brasileiros t\u00eam direito quando se acidentam em territ\u00f3rio nacional.<\/p>\n\n\n\n<p>Segundo a pesquisa, que contabiliza apenas quem pediu a indeniza\u00e7\u00e3o, foram 36 crian\u00e7as e adolescentes acidentados por dia este ano. Entre os casos, 70% s\u00e3o indeniza\u00e7\u00f5es por invalidez, pagas quando h\u00e1 sequelas permanentes nas v\u00edtimas. Das 9.865 indeniza\u00e7\u00f5es nesta faixa et\u00e1ria, 1.461 foram por morte no tr\u00e2nsito.<\/p>\n\n\n\n<p>A maior parte dos menores vitimados nesses quase 10 mil acidentes era formada por pedestres (58%), e cinco mil ocorr\u00eancias envolveram motocicletas, enquanto autom\u00f3veis foram os ve\u00edculos em 3,4 mil sinistros.<\/p>\n\n\n\n<p>O estado de Minas Gerais \u00e9 o que concentra o maior n\u00famero de indeniza\u00e7\u00f5es a crian\u00e7as e adolescentes acidentados, com 1.001 casos. S\u00e3o Paulo (985) e Cear\u00e1 (717) v\u00eam em seguida.<\/p>\n\n\n\n<p>A seguradora recomenda prud\u00eancia ao volante e aten\u00e7\u00e3o a itens de seguran\u00e7a, como a cadeirinha, o cinto de seguran\u00e7a e o capacete, no caso de motos. Para pedestres, tamb\u00e9m \u00e9 indicado ter cuidados como acompanhar as crian\u00e7as ao atravessar a rua, utilizar faixas de pedestres e respeitar a sinaliza\u00e7\u00e3o.<br><\/p>\n","protected":false},"excerpt":{"rendered":"<p>Acidentes de tr\u00e2nsito geraram indeniza\u00e7\u00f5es para 9.865 crian\u00e7as e adolescentes de at\u00e9 17 anos entre janeiro e setembro deste ano. O levantamento \u00e9 de uma&hellip; <\/p>\n","protected":false},"author":1,"featured_media":40927,"comment_status":"closed","ping_status":"closed","sticky":false,"template":"","format":"standard","meta":{"sfsi_plus_gutenberg_text_before_share":"","sfsi_plus_gutenberg_show_text_before_share":"","sfsi_plus_gutenberg_icon_type":"","sfsi_plus_gutenberg_icon_alignemt":"","sfsi_plus_gutenburg_max_per_row":"","footnotes":""},"categories":[2],"tags":[],"class_list":["post-126251","post","type-post","status-publish","format-standard","has-post-thumbnail","hentry","category-geral"],"_links":{"self":[{"href":"https:\/\/www.caririemacao.com\/1\/wp-json\/wp\/v2\/posts\/126251","targetHints":{"allow":["GET"]}}],"collection":[{"href":"https:\/\/www.caririemacao.com\/1\/wp-json\/wp\/v2\/posts"}],"about":[{"href":"https:\/\/www.caririemacao.com\/1\/wp-json\/wp\/v2\/types\/post"}],"author":[{"embeddable":true,"href":"https:\/\/www.caririemacao.com\/1\/wp-json\/wp\/v2\/users\/1"}],"replies":[{"embeddable":true,"href":"https:\/\/www.caririemacao.com\/1\/wp-json\/wp\/v2\/comments?post=126251"}],"version-history":[{"count":1,"href":"https:\/\/www.caririemacao.com\/1\/wp-json\/wp\/v2\/posts\/126251\/revisions"}],"predecessor-version":[{"id":126252,"href":"https:\/\/www.caririemacao.com\/1\/wp-json\/wp\/v2\/posts\/126251\/revisions\/126252"}],"wp:featuredmedia":[{"embeddable":true,"href":"https:\/\/www.caririemacao.com\/1\/wp-json\/wp\/v2\/media\/40927"}],"wp:attachment":[{"href":"https:\/\/www.caririemacao.com\/1\/wp-json\/wp\/v2\/media?parent=126251"}],"wp:term":[{"taxonomy":"category","embeddable":true,"href":"https:\/\/www.caririemacao.com\/1\/wp-json\/wp\/v2\/categories?post=126251"},{"taxonomy":"post_tag","embeddable":true,"href":"https:\/\/www.caririemacao.com\/1\/wp-json\/wp\/v2\/tags?post=126251"}],"curies":[{"name":"wp","href":"https:\/\/api.w.org\/{rel}","templated":true}]}}