{"id":126263,"date":"2019-10-14T06:07:41","date_gmt":"2019-10-14T09:07:41","guid":{"rendered":"http:\/\/www.caririemacao.com\/1\/?p=126263"},"modified":"2019-10-14T06:07:41","modified_gmt":"2019-10-14T09:07:41","slug":"luto-morre-aos-78-anos-o-radialista-agenor-farias-a-voz-da-feira-de-caruaru","status":"publish","type":"post","link":"https:\/\/www.caririemacao.com\/1\/2019\/10\/14\/luto-morre-aos-78-anos-o-radialista-agenor-farias-a-voz-da-feira-de-caruaru\/","title":{"rendered":"LUTO \u00bb Morre aos 78 anos o radialista Agenor Farias, \u201ca voz da feira de Caruaru\u201d"},"content":{"rendered":"\n<p>Morreu na noite deste domingo (13), o radialista&nbsp;<strong>Agenor Pontes de Farias<\/strong>, popularmente conhecido como \u201c<strong>Agenor Farias<\/strong>\u201d, apresentador do programa radiof\u00f4nico, \u201cA feira de Caruaru\u201d, que vai ao ar pela R\u00e1dio Cultura do Nordeste.&nbsp;<br><strong>Agenor Farias<\/strong>&nbsp;lutava contra problemas de sa\u00fade e recentemente iniciou uma campanha para doa\u00e7\u00e3o de sangue, por\u00e9m infelizmente foi vencido e faleceu em&nbsp;<strong>Caruaru<\/strong>, no Agreste do estado de Pernambuco.&nbsp;<br>O radialista tinha 78 anos e por causa da doen\u00e7a estava afastado dos microfones. Do per\u00edodo do afastamento at\u00e9 agora quem est\u00e1 apresentando o programa \u00e9 seu irm\u00e3o, o tamb\u00e9m radialista,&nbsp;<strong>Euclides Farias<\/strong>.&nbsp;<br><strong>HIST\u00d3RIA:<\/strong><br>Agenor Farias come\u00e7ou como operador de som, ap\u00f3s tr\u00eas anos assumiu a fun\u00e7\u00e3o de locutor e&nbsp; com a idade de 24 anos come\u00e7ou a apresentar \u201c<strong>A feira de Caruaru<\/strong>\u201d em 1965. Apesar dos v\u00e1rios anos de profiss\u00e3o, Agenor s\u00f3 teve um emprego que foi exatamente na&nbsp;<strong>R\u00e1dio Cultura 1.130 AM<\/strong>, onde passou mais de 50 anos apresentando o mesmo programa.&nbsp;<br>Com estilo pr\u00f3prio e uma voz marcante, o radialista era um divulgador da cultura nordestina, o que lhe rendeu a homenagem no S\u00e3o Jo\u00e3o de Caruaru, em 2013.<br>Ainda n\u00e3o foi informado o hor\u00e1rio do vel\u00f3rio e sepultamento.&nbsp;<br><\/p>\n\n\n\n<figure><iframe allowfullscreen=\"\" height=\"300\" data-src=\"https:\/\/www.youtube.com\/embed\/_m_uOLoLWSE?feature=player_embedded\" width=\"400\" src=\"data:image\/svg+xml;base64,PHN2ZyB3aWR0aD0iMSIgaGVpZ2h0PSIxIiB4bWxucz0iaHR0cDovL3d3dy53My5vcmcvMjAwMC9zdmciPjwvc3ZnPg==\" class=\"lazyload\" data-load-mode=\"1\"><\/iframe><\/figure>\n","protected":false},"excerpt":{"rendered":"<p>Morreu na noite deste domingo (13), o radialista&nbsp;Agenor Pontes de Farias, popularmente conhecido como \u201cAgenor Farias\u201d, apresentador do programa radiof\u00f4nico, \u201cA feira de Caruaru\u201d, que&hellip; <\/p>\n","protected":false},"author":1,"featured_media":126265,"comment_status":"closed","ping_status":"closed","sticky":false,"template":"","format":"standard","meta":{"sfsi_plus_gutenberg_text_before_share":"","sfsi_plus_gutenberg_show_text_before_share":"","sfsi_plus_gutenberg_icon_type":"","sfsi_plus_gutenberg_icon_alignemt":"","sfsi_plus_gutenburg_max_per_row":"","footnotes":""},"categories":[2],"tags":[],"class_list":["post-126263","post","type-post","status-publish","format-standard","has-post-thumbnail","hentry","category-geral"],"_links":{"self":[{"href":"https:\/\/www.caririemacao.com\/1\/wp-json\/wp\/v2\/posts\/126263","targetHints":{"allow":["GET"]}}],"collection":[{"href":"https:\/\/www.caririemacao.com\/1\/wp-json\/wp\/v2\/posts"}],"about":[{"href":"https:\/\/www.caririemacao.com\/1\/wp-json\/wp\/v2\/types\/post"}],"author":[{"embeddable":true,"href":"https:\/\/www.caririemacao.com\/1\/wp-json\/wp\/v2\/users\/1"}],"replies":[{"embeddable":true,"href":"https:\/\/www.caririemacao.com\/1\/wp-json\/wp\/v2\/comments?post=126263"}],"version-history":[{"count":1,"href":"https:\/\/www.caririemacao.com\/1\/wp-json\/wp\/v2\/posts\/126263\/revisions"}],"predecessor-version":[{"id":126266,"href":"https:\/\/www.caririemacao.com\/1\/wp-json\/wp\/v2\/posts\/126263\/revisions\/126266"}],"wp:featuredmedia":[{"embeddable":true,"href":"https:\/\/www.caririemacao.com\/1\/wp-json\/wp\/v2\/media\/126265"}],"wp:attachment":[{"href":"https:\/\/www.caririemacao.com\/1\/wp-json\/wp\/v2\/media?parent=126263"}],"wp:term":[{"taxonomy":"category","embeddable":true,"href":"https:\/\/www.caririemacao.com\/1\/wp-json\/wp\/v2\/categories?post=126263"},{"taxonomy":"post_tag","embeddable":true,"href":"https:\/\/www.caririemacao.com\/1\/wp-json\/wp\/v2\/tags?post=126263"}],"curies":[{"name":"wp","href":"https:\/\/api.w.org\/{rel}","templated":true}]}}