{"id":126270,"date":"2019-10-14T06:09:08","date_gmt":"2019-10-14T09:09:08","guid":{"rendered":"http:\/\/www.caririemacao.com\/1\/?p=126270"},"modified":"2019-10-14T06:09:08","modified_gmt":"2019-10-14T09:09:08","slug":"confira-como-esta-ficando-o-espaco-do-bercario-e-educacao-infantil-do-cec-educacional","status":"publish","type":"post","link":"https:\/\/www.caririemacao.com\/1\/2019\/10\/14\/confira-como-esta-ficando-o-espaco-do-bercario-e-educacao-infantil-do-cec-educacional\/","title":{"rendered":"Confira como est\u00e1 ficando o espa\u00e7o do BER\u00c7ARIO e EDUCA\u00c7\u00c3O INFANTIL do CEC EDUCACIONAL"},"content":{"rendered":"\n<p>Um dos maiores projetos do CEC EDUCACIONAL come\u00e7a a tomar forma.<br>Este final de semana, o diretor C\u00edcero Roberto publicou as primeiras fotos de como est\u00e1 ficando o local onde vai funcionar o projeto BER\u00c7\u00c1RIO e tamb\u00e9m a ESCOLA INFANTIL que estar\u00e3o sendo implantadas em 2020.<br>Segundo o professor C\u00edcero Roberto, o objetivo \u00e9 crescer cada vez mais, se gabaritando como uma das maiores institui\u00e7\u00f5es de ensino dos estados da Para\u00edba e Pernambuco.<br>\u201cVem muita novidade por a\u00ed, no ano de 2020 o CEC Educacional ser\u00e1 a um marco em educa\u00e7\u00e3o no Cariri. Vem realizar seu sonho com a gente\u201d, convidou o diretor C\u00edcero.<br>F\u00c1BIO BRITO<\/p>\n","protected":false},"excerpt":{"rendered":"<p>Um dos maiores projetos do CEC EDUCACIONAL come\u00e7a a tomar forma.Este final de semana, o diretor C\u00edcero Roberto publicou as primeiras fotos de como est\u00e1&hellip; <\/p>\n","protected":false},"author":1,"featured_media":126274,"comment_status":"closed","ping_status":"closed","sticky":false,"template":"","format":"standard","meta":{"sfsi_plus_gutenberg_text_before_share":"","sfsi_plus_gutenberg_show_text_before_share":"","sfsi_plus_gutenberg_icon_type":"","sfsi_plus_gutenberg_icon_alignemt":"","sfsi_plus_gutenburg_max_per_row":"","footnotes":""},"categories":[50,14],"tags":[],"class_list":["post-126270","post","type-post","status-publish","format-standard","has-post-thumbnail","hentry","category-destaque","category-educacao"],"_links":{"self":[{"href":"https:\/\/www.caririemacao.com\/1\/wp-json\/wp\/v2\/posts\/126270","targetHints":{"allow":["GET"]}}],"collection":[{"href":"https:\/\/www.caririemacao.com\/1\/wp-json\/wp\/v2\/posts"}],"about":[{"href":"https:\/\/www.caririemacao.com\/1\/wp-json\/wp\/v2\/types\/post"}],"author":[{"embeddable":true,"href":"https:\/\/www.caririemacao.com\/1\/wp-json\/wp\/v2\/users\/1"}],"replies":[{"embeddable":true,"href":"https:\/\/www.caririemacao.com\/1\/wp-json\/wp\/v2\/comments?post=126270"}],"version-history":[{"count":1,"href":"https:\/\/www.caririemacao.com\/1\/wp-json\/wp\/v2\/posts\/126270\/revisions"}],"predecessor-version":[{"id":126275,"href":"https:\/\/www.caririemacao.com\/1\/wp-json\/wp\/v2\/posts\/126270\/revisions\/126275"}],"wp:featuredmedia":[{"embeddable":true,"href":"https:\/\/www.caririemacao.com\/1\/wp-json\/wp\/v2\/media\/126274"}],"wp:attachment":[{"href":"https:\/\/www.caririemacao.com\/1\/wp-json\/wp\/v2\/media?parent=126270"}],"wp:term":[{"taxonomy":"category","embeddable":true,"href":"https:\/\/www.caririemacao.com\/1\/wp-json\/wp\/v2\/categories?post=126270"},{"taxonomy":"post_tag","embeddable":true,"href":"https:\/\/www.caririemacao.com\/1\/wp-json\/wp\/v2\/tags?post=126270"}],"curies":[{"name":"wp","href":"https:\/\/api.w.org\/{rel}","templated":true}]}}