{"id":126296,"date":"2019-10-14T06:33:47","date_gmt":"2019-10-14T09:33:47","guid":{"rendered":"http:\/\/www.caririemacao.com\/1\/?p=126296"},"modified":"2019-10-14T06:33:47","modified_gmt":"2019-10-14T09:33:47","slug":"homem-morre-e-outro-fica-ferido-apos-serem-alvejados-em-boqueirao","status":"publish","type":"post","link":"https:\/\/www.caririemacao.com\/1\/2019\/10\/14\/homem-morre-e-outro-fica-ferido-apos-serem-alvejados-em-boqueirao\/","title":{"rendered":"Homem morre e outro fica ferido ap\u00f3s serem alvejados em Boqueir\u00e3o"},"content":{"rendered":"\n<p> Um homem morreu e outro ficou ferido ap\u00f3s serem alvejados por disparos de arma de fogo na madrugada deste domingo (13) no bairro da Bela Vista, na cidade de Boqueir\u00e3o, regi\u00e3o do Cariri.<br>As duas v\u00edtimas foram socorridas para o Hospital Regional de Boqueir\u00e3o e encaminhados para o Hospital de Emerg\u00eancia e Trauma de Campina Grande, por\u00e9m, uma delas n\u00e3o resistiu e morreu em Campina Grande.<br>A Pol\u00edcia est\u00e1 investigando a motiva\u00e7\u00e3o do crime. A outra v\u00edtima segue internada na unidade hospitalar.<br><\/p>\n","protected":false},"excerpt":{"rendered":"<p>Um homem morreu e outro ficou ferido ap\u00f3s serem alvejados por disparos de arma de fogo na madrugada deste domingo (13) no bairro da Bela&hellip; <\/p>\n","protected":false},"author":1,"featured_media":104562,"comment_status":"closed","ping_status":"closed","sticky":false,"template":"","format":"standard","meta":{"sfsi_plus_gutenberg_text_before_share":"","sfsi_plus_gutenberg_show_text_before_share":"","sfsi_plus_gutenberg_icon_type":"","sfsi_plus_gutenberg_icon_alignemt":"","sfsi_plus_gutenburg_max_per_row":"","footnotes":""},"categories":[12],"tags":[],"class_list":["post-126296","post","type-post","status-publish","format-standard","has-post-thumbnail","hentry","category-policia"],"_links":{"self":[{"href":"https:\/\/www.caririemacao.com\/1\/wp-json\/wp\/v2\/posts\/126296","targetHints":{"allow":["GET"]}}],"collection":[{"href":"https:\/\/www.caririemacao.com\/1\/wp-json\/wp\/v2\/posts"}],"about":[{"href":"https:\/\/www.caririemacao.com\/1\/wp-json\/wp\/v2\/types\/post"}],"author":[{"embeddable":true,"href":"https:\/\/www.caririemacao.com\/1\/wp-json\/wp\/v2\/users\/1"}],"replies":[{"embeddable":true,"href":"https:\/\/www.caririemacao.com\/1\/wp-json\/wp\/v2\/comments?post=126296"}],"version-history":[{"count":1,"href":"https:\/\/www.caririemacao.com\/1\/wp-json\/wp\/v2\/posts\/126296\/revisions"}],"predecessor-version":[{"id":126298,"href":"https:\/\/www.caririemacao.com\/1\/wp-json\/wp\/v2\/posts\/126296\/revisions\/126298"}],"wp:featuredmedia":[{"embeddable":true,"href":"https:\/\/www.caririemacao.com\/1\/wp-json\/wp\/v2\/media\/104562"}],"wp:attachment":[{"href":"https:\/\/www.caririemacao.com\/1\/wp-json\/wp\/v2\/media?parent=126296"}],"wp:term":[{"taxonomy":"category","embeddable":true,"href":"https:\/\/www.caririemacao.com\/1\/wp-json\/wp\/v2\/categories?post=126296"},{"taxonomy":"post_tag","embeddable":true,"href":"https:\/\/www.caririemacao.com\/1\/wp-json\/wp\/v2\/tags?post=126296"}],"curies":[{"name":"wp","href":"https:\/\/api.w.org\/{rel}","templated":true}]}}