{"id":126305,"date":"2019-10-14T06:35:58","date_gmt":"2019-10-14T09:35:58","guid":{"rendered":"http:\/\/www.caririemacao.com\/1\/?p=126305"},"modified":"2019-10-14T06:35:58","modified_gmt":"2019-10-14T09:35:58","slug":"vereador-george-aquino-faz-balanco-das-acoes-do-governo-do-estado-em-sao-joao-do-cariri-deixando-posse-de-prefeito-em-segundo-plano-durante-sessao","status":"publish","type":"post","link":"https:\/\/www.caririemacao.com\/1\/2019\/10\/14\/vereador-george-aquino-faz-balanco-das-acoes-do-governo-do-estado-em-sao-joao-do-cariri-deixando-posse-de-prefeito-em-segundo-plano-durante-sessao\/","title":{"rendered":"Vereador George Aquino faz balan\u00e7o das a\u00e7\u00f5es do governo do estado em S\u00e3o Jo\u00e3o do Cariri, deixando posse de prefeito em segundo plano durante sess\u00e3o"},"content":{"rendered":"\n<p> Um tema muito mais relevante que a posse definitiva do prefeito H\u00e9lder Trajano foi levado pelo vereador George Aquino \u00e0 tribuna, na sess\u00e3o da \u00faltima sexta feira na C\u00e2mara Municipal de S\u00e3o Jo\u00e3o do Cariri.<br>Trata- se das obras e a\u00e7\u00f5es realizadas pelo governo do estado no munic\u00edpio.<br>Na sess\u00e3o ordin\u00e1ria e solene desta sexta feira o vereador George Aquino em sua fala destacou diversos benef\u00edcios que o governo do estado est\u00e1 trazendo para sua cidade.<br>Inicialmente, o vereador agradeceu \u00e0s suas proposituras, sendo uma delas endere\u00e7ada ao Presidente da AESA Porf\u00edrio Cat\u00e3o Cartaxo Loureiro,\u00a0\u00a0solicitando estudo para viabilidade t\u00e9cnica de constru\u00e7\u00e3o de uma barragem na cidade.<br>George tamb\u00e9m parabenizou o governador Jo\u00e3o Azevedo pelo lan\u00e7amento do programa OPERA PARA\u00cdBA que tem o objetivo de reduzir de forma gradual e ampla a fila de espera das cirurgias eletivas e descentralizando os atendimentos.<br>O vereador s\u00e3ojoaoense tamb\u00e9m comemorou a atitude da CAGEPA na pessoa de seu presidente Dr Marcus Vinicius em fazer a manuten\u00e7\u00e3o na Adutora do Congo para resolver de uma vez por todas o problema de \u00e1gua em S\u00e3o Jo\u00e3o do Cariri.<br><\/p>\n\n\n\n<figure class=\"wp-block-image\"><a href=\"https:\/\/1.bp.blogspot.com\/-wDO3029I29E\/XaP73p627UI\/AAAAAAAAGus\/geY8AtwY-U0-M7yGWBmlvItH6SOtrxuRACLcBGAsYHQ\/s1600\/11.1.jpg\"><img decoding=\"async\" data-src=\"https:\/\/1.bp.blogspot.com\/-wDO3029I29E\/XaP73p627UI\/AAAAAAAAGus\/geY8AtwY-U0-M7yGWBmlvItH6SOtrxuRACLcBGAsYHQ\/s280\/11.1.jpg\" alt=\"\" src=\"data:image\/svg+xml;base64,PHN2ZyB3aWR0aD0iMSIgaGVpZ2h0PSIxIiB4bWxucz0iaHR0cDovL3d3dy53My5vcmcvMjAwMC9zdmciPjwvc3ZnPg==\" class=\"lazyload\" \/><\/a><\/figure>\n\n\n\n<p>Ainda na sess\u00e3o desta sexta feira, o vereador George lembrou que o Empreender Para\u00edba esteve na cidade fazendo planos de neg\u00f3cios visando atender v\u00e1rios pequenos e m\u00e9dios comerciantes e profissionais liberais.<br>Tamb\u00e9m foi destacado que come\u00e7ou o estudo de topografia da obra do esgotamento sanit\u00e1rio no valor de 3,100 milh\u00f5es de reais devendo a mesma ser iniciada nos pr\u00f3ximos 40 dias.<br>\u201cEsta obra t\u00e3o importante e necess\u00e1ria para nossa cidade, \u00e9 s\u00f3 mais uma do governo estadual em nosso munic\u00edpio, \u00e0 exemplo da estrada que liga o distrito de malhada de Ro\u00e7a a Br 412 que j\u00e1 est\u00e1 no processo de licita\u00e7\u00e3o, e tamb\u00e9m a quadra poliesportiva que vai ser instalada na escola ECI Jornalista Jos\u00e9 Leal Ramos que tamb\u00e9m s\u00e3o realiza\u00e7\u00f5es com a marca do governador Jo\u00e3o Azevedo\u201d, afirmou o vereador.<br>\u201cO governo do Estado est\u00e1 presente em S\u00e3o Jo\u00e3o do Cariri h\u00e1 nove anos com diversas obras e realiza\u00e7\u00f5es, e esta sim, \u00e9 uma coisa que funciona de verdade em nosso munic\u00edpio\u201d, continuou George.<br>\u201cE em apenas nove meses o governador Jo\u00e3o Azevedo vem se mostrando, , um \u00f3timo administrador , ele sim, sensibilizado de verdade com as necessidades do nosso povo.&nbsp;<br>O trabalho segue e \u00e9 assim que ficamos orgulhosos de fazer a pr\u00e1tica da boa pol\u00edtica\u201d,&nbsp;&nbsp;finalizou George Aquino que \u00e9 o vereador mais votado da hist\u00f3ria da cidade.<\/p>\n","protected":false},"excerpt":{"rendered":"<p>Um tema muito mais relevante que a posse definitiva do prefeito H\u00e9lder Trajano foi levado pelo vereador George Aquino \u00e0 tribuna, na sess\u00e3o da \u00faltima&hellip; <\/p>\n","protected":false},"author":1,"featured_media":126307,"comment_status":"closed","ping_status":"closed","sticky":false,"template":"","format":"standard","meta":{"sfsi_plus_gutenberg_text_before_share":"","sfsi_plus_gutenberg_show_text_before_share":"","sfsi_plus_gutenberg_icon_type":"","sfsi_plus_gutenberg_icon_alignemt":"","sfsi_plus_gutenburg_max_per_row":"","footnotes":""},"categories":[11],"tags":[],"class_list":["post-126305","post","type-post","status-publish","format-standard","has-post-thumbnail","hentry","category-politica"],"_links":{"self":[{"href":"https:\/\/www.caririemacao.com\/1\/wp-json\/wp\/v2\/posts\/126305","targetHints":{"allow":["GET"]}}],"collection":[{"href":"https:\/\/www.caririemacao.com\/1\/wp-json\/wp\/v2\/posts"}],"about":[{"href":"https:\/\/www.caririemacao.com\/1\/wp-json\/wp\/v2\/types\/post"}],"author":[{"embeddable":true,"href":"https:\/\/www.caririemacao.com\/1\/wp-json\/wp\/v2\/users\/1"}],"replies":[{"embeddable":true,"href":"https:\/\/www.caririemacao.com\/1\/wp-json\/wp\/v2\/comments?post=126305"}],"version-history":[{"count":1,"href":"https:\/\/www.caririemacao.com\/1\/wp-json\/wp\/v2\/posts\/126305\/revisions"}],"predecessor-version":[{"id":126308,"href":"https:\/\/www.caririemacao.com\/1\/wp-json\/wp\/v2\/posts\/126305\/revisions\/126308"}],"wp:featuredmedia":[{"embeddable":true,"href":"https:\/\/www.caririemacao.com\/1\/wp-json\/wp\/v2\/media\/126307"}],"wp:attachment":[{"href":"https:\/\/www.caririemacao.com\/1\/wp-json\/wp\/v2\/media?parent=126305"}],"wp:term":[{"taxonomy":"category","embeddable":true,"href":"https:\/\/www.caririemacao.com\/1\/wp-json\/wp\/v2\/categories?post=126305"},{"taxonomy":"post_tag","embeddable":true,"href":"https:\/\/www.caririemacao.com\/1\/wp-json\/wp\/v2\/tags?post=126305"}],"curies":[{"name":"wp","href":"https:\/\/api.w.org\/{rel}","templated":true}]}}