{"id":126313,"date":"2019-10-14T06:40:35","date_gmt":"2019-10-14T09:40:35","guid":{"rendered":"http:\/\/www.caririemacao.com\/1\/?p=126313"},"modified":"2019-10-14T06:40:35","modified_gmt":"2019-10-14T09:40:35","slug":"ibge-inscreve-para-concurso-publico-com-400-vagas-ate-esta-terca-feira","status":"publish","type":"post","link":"https:\/\/www.caririemacao.com\/1\/2019\/10\/14\/ibge-inscreve-para-concurso-publico-com-400-vagas-ate-esta-terca-feira\/","title":{"rendered":"IBGE inscreve para concurso p\u00fablico com 400 vagas at\u00e9 esta ter\u00e7a-feira"},"content":{"rendered":"\n<p> O Instituto Brasileiro de Geografia e Estat\u00edstica (IBGE) divulgou nesta quarta-feira (25), o edital para o processo seletivo com 2.658 vagas tempor\u00e1rias para coordenador censit\u00e1rio de sub\u00e1rea e agente censit\u00e1rio operacional. As vagas est\u00e3o distribu\u00eddas em 1.031 munic\u00edpios brasileiros.<\/p>\n\n\n\n<p><a href=\"http:\/\/www.in.gov.br\/en\/web\/dou\/-\/edital-n-3-de-23-de-setembro-de-2019-218040019\">Confira o edital<\/a><\/p>\n\n\n\n<p>Na Para\u00edba s\u00e3o oferecidas 63 vagas em 31 munic\u00edpios. Destas vagas s\u00e3o oferecidas 30 vagas para agente censit\u00e1rio operacional, em Jo\u00e3o Pessoa, e 33 vagas para coordenador censit\u00e1rio sub\u00e1rea, para 31 cidades.<\/p>\n\n\n\n<p>Jo\u00e3o Pessoa e Campina Grande s\u00e3o as cidades com o maior n\u00famero de vagas para coordenador, duas cada.<\/p>\n\n\n\n<p>J\u00e1 as cidades de Areia, Bananeiras, Barra de Santa Rosa, Bel\u00e9m, Boqueir\u00e3o, Cajazeiras, Catol\u00e9 do Rocha, Concei\u00e7\u00e3o, Esperan\u00e7a, Guarabira, Ing\u00e1, Itabaiana, Lagoa Seca, Mamanguape, Patos, Pedras de Fogo, Picu\u00ed, Princesa Isabel, Queimadas, Santa Luzia, Santa Rita, S\u00e3o Bento, Sap\u00e9, Serra Branca, Sol\u00e2nea, Sousa, Sum\u00e9, Teixeira e Uira\u00fana, cada uma possui uma vaga.<\/p>\n\n\n\n<p>Os interessados poder\u00e3o se inscrever&nbsp;<a href=\"https:\/\/fgvprojetos.fgv.br\/concursos\/ibgepss2019\">atrav\u00e9s do site da empresa organizadora<\/a>. As taxas de inscri\u00e7\u00f5es custam R$ 42,50 a R$ 58.<\/p>\n\n\n\n<p>Os sal\u00e1rios s\u00e3o de R$ R$ 3.100,00 para coordenador e R$ 1.700,00 para agente. O contrato tem dura\u00e7\u00e3o de 12 meses. A jornada de trabalho de ambas as fun\u00e7\u00f5es ser\u00e1 de 40 horas semanais, sendo 8 horas di\u00e1rias. Os contratados ter\u00e3o direito aos aux\u00edlios Alimenta\u00e7\u00e3o, Transporte e Pr\u00e9-escolar, al\u00e9m de f\u00e9rias e 13\u00ba sal\u00e1rio proporcionais, de acordo com a legisla\u00e7\u00e3o que regulamenta este tipo de contrata\u00e7\u00e3o.<\/p>\n\n\n\n<p>As provas ser\u00e3o aplicadas pela banca Funda\u00e7\u00e3o Get\u00falio Vargas (FGV),&nbsp;no dia 8 de dezembro de 2019.<\/p>\n","protected":false},"excerpt":{"rendered":"<p>O Instituto Brasileiro de Geografia e Estat\u00edstica (IBGE) divulgou nesta quarta-feira (25), o edital para o processo seletivo com 2.658 vagas tempor\u00e1rias para coordenador censit\u00e1rio&hellip; <\/p>\n","protected":false},"author":1,"featured_media":120671,"comment_status":"closed","ping_status":"closed","sticky":false,"template":"","format":"standard","meta":{"sfsi_plus_gutenberg_text_before_share":"","sfsi_plus_gutenberg_show_text_before_share":"","sfsi_plus_gutenberg_icon_type":"","sfsi_plus_gutenberg_icon_alignemt":"","sfsi_plus_gutenburg_max_per_row":"","footnotes":""},"categories":[2],"tags":[],"class_list":["post-126313","post","type-post","status-publish","format-standard","has-post-thumbnail","hentry","category-geral"],"_links":{"self":[{"href":"https:\/\/www.caririemacao.com\/1\/wp-json\/wp\/v2\/posts\/126313","targetHints":{"allow":["GET"]}}],"collection":[{"href":"https:\/\/www.caririemacao.com\/1\/wp-json\/wp\/v2\/posts"}],"about":[{"href":"https:\/\/www.caririemacao.com\/1\/wp-json\/wp\/v2\/types\/post"}],"author":[{"embeddable":true,"href":"https:\/\/www.caririemacao.com\/1\/wp-json\/wp\/v2\/users\/1"}],"replies":[{"embeddable":true,"href":"https:\/\/www.caririemacao.com\/1\/wp-json\/wp\/v2\/comments?post=126313"}],"version-history":[{"count":1,"href":"https:\/\/www.caririemacao.com\/1\/wp-json\/wp\/v2\/posts\/126313\/revisions"}],"predecessor-version":[{"id":126315,"href":"https:\/\/www.caririemacao.com\/1\/wp-json\/wp\/v2\/posts\/126313\/revisions\/126315"}],"wp:featuredmedia":[{"embeddable":true,"href":"https:\/\/www.caririemacao.com\/1\/wp-json\/wp\/v2\/media\/120671"}],"wp:attachment":[{"href":"https:\/\/www.caririemacao.com\/1\/wp-json\/wp\/v2\/media?parent=126313"}],"wp:term":[{"taxonomy":"category","embeddable":true,"href":"https:\/\/www.caririemacao.com\/1\/wp-json\/wp\/v2\/categories?post=126313"},{"taxonomy":"post_tag","embeddable":true,"href":"https:\/\/www.caririemacao.com\/1\/wp-json\/wp\/v2\/tags?post=126313"}],"curies":[{"name":"wp","href":"https:\/\/api.w.org\/{rel}","templated":true}]}}