{"id":126324,"date":"2019-10-14T06:43:20","date_gmt":"2019-10-14T09:43:20","guid":{"rendered":"http:\/\/www.caririemacao.com\/1\/?p=126324"},"modified":"2019-10-14T06:43:20","modified_gmt":"2019-10-14T09:43:20","slug":"cerca-de-2-milhoes-de-fieis-participam-da-procissao-do-cirio-de-nazare","status":"publish","type":"post","link":"https:\/\/www.caririemacao.com\/1\/2019\/10\/14\/cerca-de-2-milhoes-de-fieis-participam-da-procissao-do-cirio-de-nazare\/","title":{"rendered":"Cerca de 2 milh\u00f5es de fi\u00e9is participam da prociss\u00e3o do C\u00edrio de Nazar\u00e9"},"content":{"rendered":"\n<p> Cerca de dois milh\u00f5es de pessoas acompanharam a prociss\u00e3o do C\u00edrio de Nazar\u00e9, realizada hoje (13), em Bel\u00e9m. A estimativa e da assessoria da festa, considerada uma das maiores manifesta\u00e7\u00f5es religiosas do pa\u00eds.<\/p>\n\n\n\n<p>Fi\u00e9is de todo o Brasil e turistas de v\u00e1rias nacionalidades demoraram cerca de 4h30 para percorrer os quase 3,7 quil\u00f4metros de romaria entre a Catedral da S\u00e9, no bairro da Cidade Velha, e a Par\u00f3quia Nossa Senhora de Nazar\u00e9 do Desterro, tamb\u00e9m conhecida como Bas\u00edlica Santu\u00e1rio, na Pra\u00e7a Santu\u00e1rio.<\/p>\n\n\n\n<p>Maior das 12 romarias que comp\u00f5em o calend\u00e1rio da grande festa do C\u00edrio de Nazar\u00e9, que ocorre at\u00e9 o \u00faltimo domingo de outubro, a prociss\u00e3o do C\u00edrio foi realizada pela primeira vez em 1793, estando em sua 227\u00aa edi\u00e7\u00e3o. Hoje (13), a missa que antecede o in\u00edcio da prociss\u00e3o come\u00e7ou por volta das 5h30 e foi presidida pelo n\u00fancio apost\u00f3lico do Brasil, dom Giovanni D\u2019Aniello.<\/p>\n\n\n\n<p>De acordo com a assessoria da festa, n\u00e3o houve registro de incidentes graves durante a romaria conhecida pelo ardor com que fi\u00e9is seguem pelas ruas da capital agarrados \u00e0 corda, um dos s\u00edmbolos da prociss\u00e3o, representando a liga\u00e7\u00e3o entre o terreno e o divino, e alvo da f\u00e9 de milhares de pessoas que acreditam que ter\u00e3o seus pedidos atendidos por toc\u00e1-la.<\/p>\n\n\n\n<p>Segundo a Ag\u00eancia Par\u00e1 de not\u00edcias, o posto de atendimento montado pelo Hospital Metropolitano de Urg\u00eancia e Emerg\u00eancia (HMUE) na Avenida Presidente Vargas atendeu a 239 pessoas, mas nada grave. O aux\u00edlio foi realizado em parceria com a Cruz Vermelha, que espalhou 21 postos de atendimento ao longo do trajeto percorrido pelos romeiros. Enquanto os volunt\u00e1rios da Cruz Vermelha resgatavam romeiros que passavam mal, a equipe do Hospital Metropolitano se concentrava nos atendimentos.<\/p>\n\n\n\n<p>Al\u00e9m disso, mais de 50 funcion\u00e1rios na Companhia de Saneamento do Par\u00e1 (Cosanpa), al\u00e9m de volunt\u00e1rios, distribu\u00edram mais de 35 mil copos com \u00e1gua para os fi\u00e9is.<\/p>\n\n\n\n<p>Ainda neste domingo (13), a partir das 20h, na Pra\u00e7a Santu\u00e1rio, ser\u00e1 realizada a abertura do C\u00edrio Musical. Voltado \u00e0 evangeliza\u00e7\u00e3o, o evento \u00e9 gratuito e conta com a participa\u00e7\u00e3o de artistas regionais e nacionais. Esta noite, o show fica por conta da banda Anjos de Resgate.<\/p>\n","protected":false},"excerpt":{"rendered":"<p>Cerca de dois milh\u00f5es de pessoas acompanharam a prociss\u00e3o do C\u00edrio de Nazar\u00e9, realizada hoje (13), em Bel\u00e9m. A estimativa e da assessoria da festa,&hellip; <\/p>\n","protected":false},"author":1,"featured_media":126326,"comment_status":"closed","ping_status":"closed","sticky":false,"template":"","format":"standard","meta":{"sfsi_plus_gutenberg_text_before_share":"","sfsi_plus_gutenberg_show_text_before_share":"","sfsi_plus_gutenberg_icon_type":"","sfsi_plus_gutenberg_icon_alignemt":"","sfsi_plus_gutenburg_max_per_row":"","footnotes":""},"categories":[2],"tags":[],"class_list":["post-126324","post","type-post","status-publish","format-standard","has-post-thumbnail","hentry","category-geral"],"_links":{"self":[{"href":"https:\/\/www.caririemacao.com\/1\/wp-json\/wp\/v2\/posts\/126324","targetHints":{"allow":["GET"]}}],"collection":[{"href":"https:\/\/www.caririemacao.com\/1\/wp-json\/wp\/v2\/posts"}],"about":[{"href":"https:\/\/www.caririemacao.com\/1\/wp-json\/wp\/v2\/types\/post"}],"author":[{"embeddable":true,"href":"https:\/\/www.caririemacao.com\/1\/wp-json\/wp\/v2\/users\/1"}],"replies":[{"embeddable":true,"href":"https:\/\/www.caririemacao.com\/1\/wp-json\/wp\/v2\/comments?post=126324"}],"version-history":[{"count":1,"href":"https:\/\/www.caririemacao.com\/1\/wp-json\/wp\/v2\/posts\/126324\/revisions"}],"predecessor-version":[{"id":126327,"href":"https:\/\/www.caririemacao.com\/1\/wp-json\/wp\/v2\/posts\/126324\/revisions\/126327"}],"wp:featuredmedia":[{"embeddable":true,"href":"https:\/\/www.caririemacao.com\/1\/wp-json\/wp\/v2\/media\/126326"}],"wp:attachment":[{"href":"https:\/\/www.caririemacao.com\/1\/wp-json\/wp\/v2\/media?parent=126324"}],"wp:term":[{"taxonomy":"category","embeddable":true,"href":"https:\/\/www.caririemacao.com\/1\/wp-json\/wp\/v2\/categories?post=126324"},{"taxonomy":"post_tag","embeddable":true,"href":"https:\/\/www.caririemacao.com\/1\/wp-json\/wp\/v2\/tags?post=126324"}],"curies":[{"name":"wp","href":"https:\/\/api.w.org\/{rel}","templated":true}]}}