{"id":126375,"date":"2019-10-14T06:55:48","date_gmt":"2019-10-14T09:55:48","guid":{"rendered":"http:\/\/www.caririemacao.com\/1\/?p=126375"},"modified":"2019-10-14T06:55:48","modified_gmt":"2019-10-14T09:55:48","slug":"aumentam-os-indicios-de-caixa-2-na-campanha-do-psl-de-2018","status":"publish","type":"post","link":"https:\/\/www.caririemacao.com\/1\/2019\/10\/14\/aumentam-os-indicios-de-caixa-2-na-campanha-do-psl-de-2018\/","title":{"rendered":"Aumentam os ind\u00edcios de \u2018caixa 2\u2019 na campanha do PSL de 2018"},"content":{"rendered":"\n<p>&nbsp;Notas fiscais da empresa Viu M\u00eddia entregues pelo PSL de Minas Gerais \u00e0 Justi\u00e7a Eleitoral refor\u00e7am a suspeita de caixa dois na campanha do partido em 2018.<\/p>\n\n\n\n<p>Os documentos, que integram a presta\u00e7\u00e3o de contas da legenda, corroboram dados de uma planilha apreendida pela Pol\u00edcia Federal na sede da empresa.<\/p>\n\n\n\n<p>O arquivo encontrado pela PF sugere que parte do dinheiro do esquema de candidaturas de laranjas foi desviado e abasteceu, por meio de caixa dois, campanhas de outros candidatos do PSL \u2013entre elas a do presidente Jair Bolsonaro e a de seu hoje ministro do Turismo, Marcelo \u00c1lvaro Ant\u00f4nio, como revelou a Folha no \u00faltimo domingo (6). Os dois negam irregularidades.<\/p>\n\n\n\n<p>O caixa dois \u00e9 a movimenta\u00e7\u00e3o de recursos sem o conhecimento da Justi\u00e7a Eleitoral e pode ser punido com at\u00e9 cinco anos de pris\u00e3o.<\/p>\n\n\n\n<p>A planilha apreendida pela PF na Viu M\u00eddia durante a investiga\u00e7\u00e3o tem oito colunas, entre elas o nome do candidato para o qual o material teria sido realizado, o tipo de material e as quantidades.<\/p>\n\n\n\n<p>Nas colunas que tratam de valores, h\u00e1 uma intitulada \u201cNF\u201d, interpretada por investigadores como sendo \u201cnota fiscal\u201d, e outra intitulada \u201cout\u201d, que, ainda segundo policiais, indica pagamento \u201cpor fora\u201d.<\/p>\n\n\n\n<p>Aproximadamente 70 nomes de candidatos aparecem na coluna \u201cout\u201d.<\/p>\n\n\n\n<p>Em pesquisa em fontes abertas do TSE (Tribunal Superior Eleitoral), a reportagem localizou dez notas fiscais da Viu M\u00eddia entregues \u00e0 Justi\u00e7a pelo PSL, no valor total de R$ 48,4 mil. Esses documentos trazem em seu campo de discrimina\u00e7\u00e3o materiais e valores que coincidem com os materiais e valores descritos na coluna \u201cNF\u201d.<\/p>\n\n\n\n<p>N\u00e3o h\u00e1, nos pap\u00e9is encaminhados \u00e0 Justi\u00e7a, registro dos materiais e valores constantes na coluna \u201cout\u201d da planilha apreendida, refor\u00e7ando o indicativo de caixa dois.<\/p>\n\n\n\n<p>O caso relacionado \u00e0 campanha de Bolsonaro \u00e9 ilustrativo: na planilha apreendida, h\u00e1 registro da confec\u00e7\u00e3o de 2.000 \u201claminados\u201d (possivelmente adesivos em papel laminado), com custo total de R$ 5.750, sendo R$ 1.550 na coluna \u201cNF\u201d e R$ 4.200 na \u201cout\u201d.<\/p>\n\n\n\n<p>Nos documentos apresentados pelo PSL-MG em presta\u00e7\u00e3o de contas eleitoral, h\u00e1 na nota fiscal de n\u00famero 2018\/65 a descri\u00e7\u00e3o da produ\u00e7\u00e3o de 300 laminados de 50 por 70 cent\u00edmetros para a campanha de Bolsonaro, ao custo unit\u00e1rio de R$ 2,50, totalizando R$ 750.<\/p>\n\n\n\n<p>J\u00e1 na nota de n\u00famero 2018\/66, h\u00e1 o registro da produ\u00e7\u00e3o de outros 200 laminados de 50 por 70 cent\u00edmetros para a campanha do presidente, ao custo unit\u00e1rio de R$ 4, totalizando R$ 800.<\/p>\n\n\n\n<p>A soma, R$ 1.550, \u00e9 exatamente a mesma da descrita em nome da campanha de Bolsonaro na coluna \u201cNF\u201d da planilha apreendida pela PF.<\/p>\n\n\n\n<p>A Viu M\u00eddia foi investigada porque duas das candidatas laranjas declararam \u00e0 Justi\u00e7a Eleitoral ter gastado R$ 30 mil na empresa. Na busca e apreens\u00e3o, a pol\u00edcia n\u00e3o encontrou nenhum sinal de que a empresa tenha produzido material para Naftali Tamar e Camila Fernandes, duas das acusadas de candidatas de fachada.<\/p>\n\n\n\n<p>\u201cEssa an\u00e1lise demonstra ind\u00edcios de que os valores pagos para a produ\u00e7\u00e3o de material gr\u00e1fico para Naftali e Camila foram utilizados para a produ\u00e7\u00e3o de material gr\u00e1fico para outros candidatos do PSL\u201d, diz relat\u00f3rio dos investigadores.<\/p>\n\n\n\n<p>N\u00e3o h\u00e1 a\u00e7\u00e3o por parte da PF sobre men\u00e7\u00f5es de dinheiro para material de campanha para Bolsonaro. A Folha revelou a exist\u00eancia da planilha e relatou depoimento de Haissander Souza de Paula, assessor parlamentar de \u00c1lvaro Ant\u00f4nio \u00e0 \u00e9poca e coordenador de sua campanha a deputado no Vale do Rio Doce (MG), em que ele diz que \u201cacha que parte dos valores depositados para as campanhas femininas, na verdade, foi usada para pagar material de campanha de Marcelo \u00c1lvaro Ant\u00f4nio e de Jair Bolsonaro\u201d.<\/p>\n\n\n\n<p>Apesar de n\u00e3o questionar nenhum ponto espec\u00edfico dessa reportagem, Bolsonaro criticou a Folha, afirmando que o jornal havia descido \u00e0s \u201cprofundezas do esgoto\u201d.<\/p>\n\n\n\n<p>Na quinta (10), criticou o delegado respons\u00e1vel pelo inqu\u00e9rito. \u201cO delegado da Pol\u00edcia Federal fez uma pergunta para o cara l\u00e1. \u2018Esse recurso, que seria o caixa dois, foi usado na campanha do presidente Jair Bolsonaro?\u2019 Ele disse: \u2018Acho que sim\u2019. Pronto, me carimbaram no processo. Isso a\u00ed \u00e9 uma covardia. Quem fez esse inqu\u00e9rito a\u00ed agiu de m\u00e1-f\u00e9. Ou devia se aprofundar. \u2018Acho?\u2019 Essa \u00e9 a pergunta que se faz? O cara fala \u2018acho\u2019 e bota l\u00e1?\u201d.<\/p>\n\n\n\n<p>Ap\u00f3s indiciamento pela PF, o Minist\u00e9rio P\u00fablico de MG denunciou o ministro do Turismo e mais dez pessoas sob acusa\u00e7\u00e3o de integrar o esquema das laranjas do PSL. Segundo a Promotoria, \u00c1lvaro Ant\u00f4nio, ent\u00e3o presidente do PSL de Minas, agiu como cabe\u00e7a de um grupo para fraudar a utiliza\u00e7\u00e3o de verba p\u00fablica da sigla.<\/p>\n\n\n\n<p>A investiga\u00e7\u00e3o da PF e do Minist\u00e9rio P\u00fablico teve in\u00edcio ap\u00f3s reportagens da Folha revelarem o esquema. Foi requisitado tamb\u00e9m a abertura de inqu\u00e9ritos espec\u00edficos sobre suspeita de caixa dois nas campanhas, entre elas a de \u00c1lvaro Ant\u00f4nio.<\/p>\n\n\n\n<p>O ministro de Bolsonaro nega qualquer irregularidade e afirma que ter\u00e1, no processo, a oportunidade de comprovar a lisura de seus atos.<\/p>\n\n\n\n<p>Ao todo, cerca de 70 candidatos do PSL de Minas, al\u00e9m de Bolsonaro, aparecem na coluna \u201cout\u201d da planilha apreendida na Viu Midia, entre eles 10 dos 12 deputados federais e estaduais eleitos pelo PSL de MG.<\/p>\n\n\n\n<p>H\u00e1 quatro com registro de material acima de R$ 1.000 na coluna \u201cout\u201d \u2013al\u00e9m de \u00c1lvaro Ant\u00f4nio (R$ 11.690), os deputados federais Delegado Marcelo Freitas (R$ 1.190) e Charles Evangelista (R$ 1.250) e o deputado estadual Professor Irineu (R$ 2.890).<\/p>\n\n\n\n<p>O ministro do Turismo j\u00e1 se manifestou diversas vezes afirmando que sua campanha e a do PSL de Minas agiram sempre dentro da legalidade.<\/p>\n\n\n\n<p>Segundo o advogado de \u00c1lvaro Ant\u00f4nio, Willer Tomaz, o termo \u201cout\u201d das planilhas apreendidas n\u00e3o significa indicativo de caixa dois, mas sim material de campanha com produ\u00e7\u00e3o ainda pendente.<\/p>\n\n\n\n<p>\u201cTodo material que entrou no meu comit\u00ea de campanha foi declarado \u00e0 Justi\u00e7a Eleitoral na \u00edntegra e dentro da legisla\u00e7\u00e3o\u201d, afirmou Evangelista. O deputado Delegado Marcelo Freitas n\u00e3o se manifestou.<\/p>\n\n\n\n<p>A defesa de Professor Irineu afirmou, por meio da assessoria do deputado, que n\u00e3o ir\u00e1 se manifestar em respeito \u00e0 decis\u00e3o da Justi\u00e7a que determinou sigilo sobre o caso.<\/p>\n","protected":false},"excerpt":{"rendered":"<p>&nbsp;Notas fiscais da empresa Viu M\u00eddia entregues pelo PSL de Minas Gerais \u00e0 Justi\u00e7a Eleitoral refor\u00e7am a suspeita de caixa dois na campanha do partido&hellip; <\/p>\n","protected":false},"author":1,"featured_media":110902,"comment_status":"closed","ping_status":"closed","sticky":false,"template":"","format":"standard","meta":{"sfsi_plus_gutenberg_text_before_share":"","sfsi_plus_gutenberg_show_text_before_share":"","sfsi_plus_gutenberg_icon_type":"","sfsi_plus_gutenberg_icon_alignemt":"","sfsi_plus_gutenburg_max_per_row":"","footnotes":""},"categories":[11],"tags":[],"class_list":["post-126375","post","type-post","status-publish","format-standard","has-post-thumbnail","hentry","category-politica"],"_links":{"self":[{"href":"https:\/\/www.caririemacao.com\/1\/wp-json\/wp\/v2\/posts\/126375","targetHints":{"allow":["GET"]}}],"collection":[{"href":"https:\/\/www.caririemacao.com\/1\/wp-json\/wp\/v2\/posts"}],"about":[{"href":"https:\/\/www.caririemacao.com\/1\/wp-json\/wp\/v2\/types\/post"}],"author":[{"embeddable":true,"href":"https:\/\/www.caririemacao.com\/1\/wp-json\/wp\/v2\/users\/1"}],"replies":[{"embeddable":true,"href":"https:\/\/www.caririemacao.com\/1\/wp-json\/wp\/v2\/comments?post=126375"}],"version-history":[{"count":1,"href":"https:\/\/www.caririemacao.com\/1\/wp-json\/wp\/v2\/posts\/126375\/revisions"}],"predecessor-version":[{"id":126377,"href":"https:\/\/www.caririemacao.com\/1\/wp-json\/wp\/v2\/posts\/126375\/revisions\/126377"}],"wp:featuredmedia":[{"embeddable":true,"href":"https:\/\/www.caririemacao.com\/1\/wp-json\/wp\/v2\/media\/110902"}],"wp:attachment":[{"href":"https:\/\/www.caririemacao.com\/1\/wp-json\/wp\/v2\/media?parent=126375"}],"wp:term":[{"taxonomy":"category","embeddable":true,"href":"https:\/\/www.caririemacao.com\/1\/wp-json\/wp\/v2\/categories?post=126375"},{"taxonomy":"post_tag","embeddable":true,"href":"https:\/\/www.caririemacao.com\/1\/wp-json\/wp\/v2\/tags?post=126375"}],"curies":[{"name":"wp","href":"https:\/\/api.w.org\/{rel}","templated":true}]}}