{"id":126386,"date":"2019-10-14T07:22:50","date_gmt":"2019-10-14T10:22:50","guid":{"rendered":"http:\/\/www.caririemacao.com\/1\/?p=126386"},"modified":"2019-10-14T07:22:50","modified_gmt":"2019-10-14T10:22:50","slug":"sobe-para-onze-numero-de-casos-de-sarampo-confirmados-na-pb","status":"publish","type":"post","link":"https:\/\/www.caririemacao.com\/1\/2019\/10\/14\/sobe-para-onze-numero-de-casos-de-sarampo-confirmados-na-pb\/","title":{"rendered":"Sobe para onze n\u00famero de casos de Sarampo confirmados na PB"},"content":{"rendered":"\n<p> Mais tr\u00eas casos de sarampo foram confirmados na Para\u00edba nesta segunda-feira (14) pela Secretaria de Sa\u00fade do Estado. Desta forma, s\u00e3o onze pacientes j\u00e1 diagnosticados com a doen\u00e7a no estado.<\/p>\n\n\n\n<p>Quatro casos foram confirmados em Jo\u00e3o Pessoa, dois em Bayeux, dois em Santa Rita, um em Santa Cec\u00edlia, um em Barra de S\u00e3o Miguel e um em Cabedelo. At\u00e9 a o dia&nbsp;<a href=\"https:\/\/www.maispb.com.br\/414610\/sobe-para-oito-numero-de-casos-de-sarampo-confirmados-na-pb.html\"><strong>27 de setembro<\/strong><\/a>, o n\u00famero de casos confirmados era oito.<\/p>\n\n\n\n<p>Outros 149 casos seguem em investiga\u00e7\u00e3o. At\u00e9 o momento, 239 casos j\u00e1 foram notificados, com o descarte de 79 casos.<\/p>\n\n\n\n<p><strong>Vacina&nbsp;<\/strong><\/p>\n\n\n\n<p>O Estado da Para\u00edba, at\u00e9 o momento, encontra-se com 89,51% de cobertura vacinal, at\u00e9 o m\u00eas agosto de 2019. A Campanha Nacional de Vacina\u00e7\u00e3o contra o Sarampo, com o objetivo de interromper a circula\u00e7\u00e3o do v\u00edrus do sarampo no Pa\u00eds e ser\u00e1 realizada de forma SELETIVA, ocorrendo em duas etapas:<\/p>\n\n\n\n<p>Primeira etapa:<br>Per\u00edodo: 7 a 25 de outubro<br>Dia D: 19 de outubro<br>P\u00fablico \u2013 alvo: crian\u00e7as de seis meses e menores de 5 anos de idade ( 4 anos, 11 meses e 29 dias)<\/p>\n\n\n\n<p>Segunda etapa:<br>Per\u00edodo: 18 a 30 de novembro<br>Dia D: 30 de novembro<br>P\u00fablico \u2013 alvo: popula\u00e7\u00e3o de 20 a 29 anos de idade<\/p>\n","protected":false},"excerpt":{"rendered":"<p>Mais tr\u00eas casos de sarampo foram confirmados na Para\u00edba nesta segunda-feira (14) pela Secretaria de Sa\u00fade do Estado. Desta forma, s\u00e3o onze pacientes j\u00e1 diagnosticados&hellip; <\/p>\n","protected":false},"author":1,"featured_media":59383,"comment_status":"closed","ping_status":"closed","sticky":false,"template":"","format":"standard","meta":{"sfsi_plus_gutenberg_text_before_share":"","sfsi_plus_gutenberg_show_text_before_share":"","sfsi_plus_gutenberg_icon_type":"","sfsi_plus_gutenberg_icon_alignemt":"","sfsi_plus_gutenburg_max_per_row":"","footnotes":""},"categories":[50,16],"tags":[],"class_list":["post-126386","post","type-post","status-publish","format-standard","has-post-thumbnail","hentry","category-destaque","category-saude"],"_links":{"self":[{"href":"https:\/\/www.caririemacao.com\/1\/wp-json\/wp\/v2\/posts\/126386","targetHints":{"allow":["GET"]}}],"collection":[{"href":"https:\/\/www.caririemacao.com\/1\/wp-json\/wp\/v2\/posts"}],"about":[{"href":"https:\/\/www.caririemacao.com\/1\/wp-json\/wp\/v2\/types\/post"}],"author":[{"embeddable":true,"href":"https:\/\/www.caririemacao.com\/1\/wp-json\/wp\/v2\/users\/1"}],"replies":[{"embeddable":true,"href":"https:\/\/www.caririemacao.com\/1\/wp-json\/wp\/v2\/comments?post=126386"}],"version-history":[{"count":1,"href":"https:\/\/www.caririemacao.com\/1\/wp-json\/wp\/v2\/posts\/126386\/revisions"}],"predecessor-version":[{"id":126388,"href":"https:\/\/www.caririemacao.com\/1\/wp-json\/wp\/v2\/posts\/126386\/revisions\/126388"}],"wp:featuredmedia":[{"embeddable":true,"href":"https:\/\/www.caririemacao.com\/1\/wp-json\/wp\/v2\/media\/59383"}],"wp:attachment":[{"href":"https:\/\/www.caririemacao.com\/1\/wp-json\/wp\/v2\/media?parent=126386"}],"wp:term":[{"taxonomy":"category","embeddable":true,"href":"https:\/\/www.caririemacao.com\/1\/wp-json\/wp\/v2\/categories?post=126386"},{"taxonomy":"post_tag","embeddable":true,"href":"https:\/\/www.caririemacao.com\/1\/wp-json\/wp\/v2\/tags?post=126386"}],"curies":[{"name":"wp","href":"https:\/\/api.w.org\/{rel}","templated":true}]}}