{"id":126416,"date":"2019-10-14T07:28:56","date_gmt":"2019-10-14T10:28:56","guid":{"rendered":"http:\/\/www.caririemacao.com\/1\/?p=126416"},"modified":"2019-10-14T07:28:56","modified_gmt":"2019-10-14T10:28:56","slug":"sertao-violento-adolescente-de-12-anos-e-morto-a-tiros","status":"publish","type":"post","link":"https:\/\/www.caririemacao.com\/1\/2019\/10\/14\/sertao-violento-adolescente-de-12-anos-e-morto-a-tiros\/","title":{"rendered":"SERT\u00c3O VIOLENTO: Adolescente de 12 anos \u00e9 morto a tiros"},"content":{"rendered":"\n<p> Um adolescente de 12 anos foi misteriosamente morto a tiros no Sert\u00e3o da Para\u00edba e at\u00e9 este domingo (13) n\u00e3o havia pistas dos criminosos ou motiva\u00e7\u00e3o. Douglas Lira de Oliveira, \u201cLuizin\u201d, foi morto a tiros por volta das 18h30 deste s\u00e1bado (12), no Conjunto Habitacional conhecido como \u201cAs Casinhas\u201d, em Areia de Bara\u00fanas, regi\u00e3o de Patos.<\/p>\n\n\n\n<p>Ele foi morto com v\u00e1rios tiros e n\u00e3o h\u00e1 informa\u00e7\u00f5es de suspeitos at\u00e9 o momento. As motiva\u00e7\u00f5es do crime s\u00e3o desconhecidas tamb\u00e9m. A Pol\u00edcia Civil est\u00e1 investigando o caso e pede a ajuda da popula\u00e7\u00e3o. Qualquer informa\u00e7\u00e3o sobre acusados ou motiva\u00e7\u00e3o do homic\u00eddio, a Pol\u00edcia pede para ligar para o Disque Den\u00fancia 197.<\/p>\n\n\n\n<p>O adolescente era de Teixeira e estava residindo h\u00e1 pouco tempo em Areia de Bara\u00fanas, onde cursava o 3\u00b0 ano do fundamental na Escola Municipal Ana Victor.&nbsp; \u201cEle estava apenas dando um tempo l\u00e1, na casa de familiares. Em dezembro deste anos ele voltaria a morar em Teixeira. \u00c9 lament\u00e1vel, um garoto\u201d, disse uma amiga da fam\u00edlia.<\/p>\n\n\n\n<p>A escola emitiu uma nota de pesar:<\/p>\n\n\n\n<p><em>\u00c9 com extremo pesar que a Escola Municipal Ana Victor comunica o falecimento do aluno Douglas Lira de Oliveira, que cursava o 3\u00b0 ano do fundamental l.<\/em><\/p>\n\n\n\n<p><em>Dire\u00e7\u00e3o, professores e funcion\u00e1rios lamenta intensamente esta fatalidade e neste momento de perda e dor transmite os sentimentos aos familiares, amigos e colegas.&nbsp;<\/em><strong><em>A dire\u00e7\u00e3o&nbsp;<\/em><\/strong><\/p>\n","protected":false},"excerpt":{"rendered":"<p>Um adolescente de 12 anos foi misteriosamente morto a tiros no Sert\u00e3o da Para\u00edba e at\u00e9 este domingo (13) n\u00e3o havia pistas dos criminosos ou&hellip; <\/p>\n","protected":false},"author":1,"featured_media":126418,"comment_status":"closed","ping_status":"closed","sticky":false,"template":"","format":"standard","meta":{"sfsi_plus_gutenberg_text_before_share":"","sfsi_plus_gutenberg_show_text_before_share":"","sfsi_plus_gutenberg_icon_type":"","sfsi_plus_gutenberg_icon_alignemt":"","sfsi_plus_gutenburg_max_per_row":"","footnotes":""},"categories":[12],"tags":[],"class_list":["post-126416","post","type-post","status-publish","format-standard","has-post-thumbnail","hentry","category-policia"],"_links":{"self":[{"href":"https:\/\/www.caririemacao.com\/1\/wp-json\/wp\/v2\/posts\/126416","targetHints":{"allow":["GET"]}}],"collection":[{"href":"https:\/\/www.caririemacao.com\/1\/wp-json\/wp\/v2\/posts"}],"about":[{"href":"https:\/\/www.caririemacao.com\/1\/wp-json\/wp\/v2\/types\/post"}],"author":[{"embeddable":true,"href":"https:\/\/www.caririemacao.com\/1\/wp-json\/wp\/v2\/users\/1"}],"replies":[{"embeddable":true,"href":"https:\/\/www.caririemacao.com\/1\/wp-json\/wp\/v2\/comments?post=126416"}],"version-history":[{"count":1,"href":"https:\/\/www.caririemacao.com\/1\/wp-json\/wp\/v2\/posts\/126416\/revisions"}],"predecessor-version":[{"id":126419,"href":"https:\/\/www.caririemacao.com\/1\/wp-json\/wp\/v2\/posts\/126416\/revisions\/126419"}],"wp:featuredmedia":[{"embeddable":true,"href":"https:\/\/www.caririemacao.com\/1\/wp-json\/wp\/v2\/media\/126418"}],"wp:attachment":[{"href":"https:\/\/www.caririemacao.com\/1\/wp-json\/wp\/v2\/media?parent=126416"}],"wp:term":[{"taxonomy":"category","embeddable":true,"href":"https:\/\/www.caririemacao.com\/1\/wp-json\/wp\/v2\/categories?post=126416"},{"taxonomy":"post_tag","embeddable":true,"href":"https:\/\/www.caririemacao.com\/1\/wp-json\/wp\/v2\/tags?post=126416"}],"curies":[{"name":"wp","href":"https:\/\/api.w.org\/{rel}","templated":true}]}}