{"id":126449,"date":"2019-10-14T08:13:23","date_gmt":"2019-10-14T11:13:23","guid":{"rendered":"http:\/\/www.caririemacao.com\/1\/?p=126449"},"modified":"2019-10-14T08:13:23","modified_gmt":"2019-10-14T11:13:23","slug":"cadastro-unificado-facilitara-acesso-dos-cidadaos-a-servicos-federais","status":"publish","type":"post","link":"https:\/\/www.caririemacao.com\/1\/2019\/10\/14\/cadastro-unificado-facilitara-acesso-dos-cidadaos-a-servicos-federais\/","title":{"rendered":"Cadastro unificado facilitar\u00e1 acesso dos cidad\u00e3os a servi\u00e7os federais"},"content":{"rendered":"\n<p> Uma ferramenta para unificar os cadastros do cidad\u00e3o em diversos \u00f3rg\u00e3os promete reduzir a burocracia e facilitar o acesso a servi\u00e7os p\u00fablicos federais. Publicado na \u00faltima quinta-feira (10) no Di\u00e1rio Oficial da Uni\u00e3o, o<a href=\"http:\/\/www.planalto.gov.br\/ccivil_03\/_ato2019-2022\/2019\/decreto\/D10046.htm\">\u00a0Decreto 10.646\/2019<\/a>\u00a0 cria o Cadastro Base do Cidad\u00e3o (CBC), com n\u00edveis de compartilhamento de dados entre os \u00f3rg\u00e3os.Segundo o Minist\u00e9rio da Economia, o novo cadastro evita o deslocamento dos cidad\u00e3os em diversos \u00f3rg\u00e3os p\u00fablicos para juntar documentos, como certid\u00f5es, comprovantes de situa\u00e7\u00e3o fiscal e outros registros. Outros benef\u00edcios apontados pela pasta s\u00e3o a redu\u00e7\u00e3o da perda de tempo, de impress\u00e3o de papel e de uso de recursos humanos do governo federal.A primeira vers\u00e3o do CBC ser\u00e1 formulada com os dados j\u00e1 dispon\u00edveis no Cadastro de Pessoa F\u00edsica (CPF), como o n\u00famero do CPF, nome completo, nome social, data de nascimento, sexo, filia\u00e7\u00e3o, nacionalidade, naturalidade, al\u00e9m de outros atributos biogr\u00e1ficos e cadastrais. Gradualmente, dados espec\u00edficos de outros \u00f3rg\u00e3os p\u00fablicos ser\u00e3o acrescentados.<strong>Compartilhamento<\/strong>Protegidos pelo sigilo constitucional, os dados fiscais ficar\u00e3o fora do cadastro, gerenciados apenas pela Receita Federal. Para garantir a seguran\u00e7a dos dados e mediar eventuais conflitos, o decreto tamb\u00e9m criou o Comit\u00ea Central de Governan\u00e7a de Dados, com representantes de diversas \u00e1reas do governo.De acordo com o Minist\u00e9rio da Economia, o decreto tornou mais claras as regras para a troca de informa\u00e7\u00f5es entre os diversos \u00f3rg\u00e3os federais. O interc\u00e2mbio de informa\u00e7\u00f5es entre os \u00f3rg\u00e3os deve estar alinhado \u00e0 Lei de Acesso \u00e0 Informa\u00e7\u00e3o e \u00e0 Lei Geral de Prote\u00e7\u00e3o de Dados Pessoais. A falta de padroniza\u00e7\u00e3o, informou a pasta, resulta em negocia\u00e7\u00f5es complexas e exaustivas para o interc\u00e2mbio de dados.Os \u00f3rg\u00e3os federais ter\u00e3o 90 dias para classificarem os dados em restrito ou espec\u00edfico. Dados amplos n\u00e3o precisam ser categorizados. A classifica\u00e7\u00e3o precisa obedecer a n\u00edveis compat\u00edveis com a sensibilidade da informa\u00e7\u00e3o.Al\u00e9m de facilitar o acesso aos servi\u00e7os p\u00fablicos, o cadastro unificado, segundo o Minist\u00e9rio da Economia, ajudar\u00e1 a subsidiar e monitorar pol\u00edticas p\u00fablicas, possibilitando a an\u00e1lise de condi\u00e7\u00f5es para acesso a benef\u00edcios sociais e fiscais e sua respectiva manuten\u00e7\u00e3o. A nova ferramenta tamb\u00e9m melhorar\u00e1 a qualidade dos dados sob gest\u00e3o do governo, aumentando a efici\u00eancia das opera\u00e7\u00f5es internas dos \u00f3rg\u00e3os federais.<\/p>\n","protected":false},"excerpt":{"rendered":"<p>Uma ferramenta para unificar os cadastros do cidad\u00e3o em diversos \u00f3rg\u00e3os promete reduzir a burocracia e facilitar o acesso a servi\u00e7os p\u00fablicos federais. Publicado na&hellip; <\/p>\n","protected":false},"author":1,"featured_media":86842,"comment_status":"closed","ping_status":"closed","sticky":false,"template":"","format":"standard","meta":{"sfsi_plus_gutenberg_text_before_share":"","sfsi_plus_gutenberg_show_text_before_share":"","sfsi_plus_gutenberg_icon_type":"","sfsi_plus_gutenberg_icon_alignemt":"","sfsi_plus_gutenburg_max_per_row":"","footnotes":""},"categories":[2],"tags":[],"class_list":["post-126449","post","type-post","status-publish","format-standard","has-post-thumbnail","hentry","category-geral"],"_links":{"self":[{"href":"https:\/\/www.caririemacao.com\/1\/wp-json\/wp\/v2\/posts\/126449","targetHints":{"allow":["GET"]}}],"collection":[{"href":"https:\/\/www.caririemacao.com\/1\/wp-json\/wp\/v2\/posts"}],"about":[{"href":"https:\/\/www.caririemacao.com\/1\/wp-json\/wp\/v2\/types\/post"}],"author":[{"embeddable":true,"href":"https:\/\/www.caririemacao.com\/1\/wp-json\/wp\/v2\/users\/1"}],"replies":[{"embeddable":true,"href":"https:\/\/www.caririemacao.com\/1\/wp-json\/wp\/v2\/comments?post=126449"}],"version-history":[{"count":1,"href":"https:\/\/www.caririemacao.com\/1\/wp-json\/wp\/v2\/posts\/126449\/revisions"}],"predecessor-version":[{"id":126451,"href":"https:\/\/www.caririemacao.com\/1\/wp-json\/wp\/v2\/posts\/126449\/revisions\/126451"}],"wp:featuredmedia":[{"embeddable":true,"href":"https:\/\/www.caririemacao.com\/1\/wp-json\/wp\/v2\/media\/86842"}],"wp:attachment":[{"href":"https:\/\/www.caririemacao.com\/1\/wp-json\/wp\/v2\/media?parent=126449"}],"wp:term":[{"taxonomy":"category","embeddable":true,"href":"https:\/\/www.caririemacao.com\/1\/wp-json\/wp\/v2\/categories?post=126449"},{"taxonomy":"post_tag","embeddable":true,"href":"https:\/\/www.caririemacao.com\/1\/wp-json\/wp\/v2\/tags?post=126449"}],"curies":[{"name":"wp","href":"https:\/\/api.w.org\/{rel}","templated":true}]}}