{"id":126499,"date":"2019-10-14T08:27:06","date_gmt":"2019-10-14T11:27:06","guid":{"rendered":"http:\/\/www.caririemacao.com\/1\/?p=126499"},"modified":"2019-10-14T08:27:06","modified_gmt":"2019-10-14T11:27:06","slug":"banda-malaquias-batista-de-ss-do-umbuzeiro-se-classifica-para-o-maior-evento-de-bandas-marciais-do-estado","status":"publish","type":"post","link":"https:\/\/www.caririemacao.com\/1\/2019\/10\/14\/banda-malaquias-batista-de-ss-do-umbuzeiro-se-classifica-para-o-maior-evento-de-bandas-marciais-do-estado\/","title":{"rendered":"Banda Malaquias batista de SS do umbuzeiro  se classifica para o maior evento de bandas marciais do estado"},"content":{"rendered":"\n<p> Rec\u00e9m criada e com total apoio da gest\u00e3o municipal, a banda Marcial Malaquias Batista come\u00e7a a fazer jus \u00e0 tradi\u00e7\u00e3o saosebastianense de ser destaque na m\u00fasica.<br>A banda foi classificada para a Copa Estadual de bandas em sua 5\u00aa edi\u00e7\u00e3o, para a etapa que vai acontecer em Jo\u00e3o Pessoa reunindo as melhores bandas de todos os recantos do estado.<br><\/p>\n\n\n\n<figure class=\"wp-block-image\"><a href=\"https:\/\/1.bp.blogspot.com\/-0I9RVHNq9eU\/XaRUGoGDSOI\/AAAAAAAAGvo\/EK9DcNvXg4USVTvxlmUHdm6CpuofdPL_QCLcBGAsYHQ\/s1600\/111.jpg\"><img decoding=\"async\" data-src=\"https:\/\/1.bp.blogspot.com\/-0I9RVHNq9eU\/XaRUGoGDSOI\/AAAAAAAAGvo\/EK9DcNvXg4USVTvxlmUHdm6CpuofdPL_QCLcBGAsYHQ\/s320\/111.jpg\" alt=\"\" src=\"data:image\/svg+xml;base64,PHN2ZyB3aWR0aD0iMSIgaGVpZ2h0PSIxIiB4bWxucz0iaHR0cDovL3d3dy53My5vcmcvMjAwMC9zdmciPjwvc3ZnPg==\" class=\"lazyload\" \/><\/a><\/figure>\n\n\n\n<p>\u201c\u00c9 uma importante conquista para uma banda rec\u00e9m formada. Parab\u00e9ns ao Diretor Rogerio Batista e ao maestro Jo\u00e3o de Am\u00e9rico\u201d, parabenizou o prefeito Adriano Wolff.<br>Sob reg\u00eancia do maestro Jo\u00e3o Batista, a banda Malaquias Batista tem recebido apoio total da gest\u00e3o municipal por determina\u00e7\u00e3o do prefeito Adriano Wolff, com incentivos como aquisi\u00e7\u00e3o de novos instrumentos, transporte para apresenta\u00e7\u00f5es e muito mais.<br>SOBRE A COPA ESTADUAL DE BANDAS<br>A Copa de Bandas \u00e9 uma iniciativa do Governo do Estado e Ger\u00eancia de Bandas da Secretaria de Estado da Educa\u00e7\u00e3o.<br>A a\u00e7\u00e3o \u00e9 realizada todo ano para a confraterniza\u00e7\u00e3o de todos que comp\u00f5em as bandas marciais do Sert\u00e3o, Brejo, Cariri e Agreste e avalia\u00e7\u00e3o dos trabalhos que s\u00e3o desenvolvidos com os alunos na parte musical.<\/p>\n","protected":false},"excerpt":{"rendered":"<p>Rec\u00e9m criada e com total apoio da gest\u00e3o municipal, a banda Marcial Malaquias Batista come\u00e7a a fazer jus \u00e0 tradi\u00e7\u00e3o saosebastianense de ser destaque na&hellip; <\/p>\n","protected":false},"author":1,"featured_media":126501,"comment_status":"closed","ping_status":"closed","sticky":false,"template":"","format":"standard","meta":{"sfsi_plus_gutenberg_text_before_share":"","sfsi_plus_gutenberg_show_text_before_share":"","sfsi_plus_gutenberg_icon_type":"","sfsi_plus_gutenberg_icon_alignemt":"","sfsi_plus_gutenburg_max_per_row":"","footnotes":""},"categories":[2],"tags":[],"class_list":["post-126499","post","type-post","status-publish","format-standard","has-post-thumbnail","hentry","category-geral"],"_links":{"self":[{"href":"https:\/\/www.caririemacao.com\/1\/wp-json\/wp\/v2\/posts\/126499","targetHints":{"allow":["GET"]}}],"collection":[{"href":"https:\/\/www.caririemacao.com\/1\/wp-json\/wp\/v2\/posts"}],"about":[{"href":"https:\/\/www.caririemacao.com\/1\/wp-json\/wp\/v2\/types\/post"}],"author":[{"embeddable":true,"href":"https:\/\/www.caririemacao.com\/1\/wp-json\/wp\/v2\/users\/1"}],"replies":[{"embeddable":true,"href":"https:\/\/www.caririemacao.com\/1\/wp-json\/wp\/v2\/comments?post=126499"}],"version-history":[{"count":1,"href":"https:\/\/www.caririemacao.com\/1\/wp-json\/wp\/v2\/posts\/126499\/revisions"}],"predecessor-version":[{"id":126502,"href":"https:\/\/www.caririemacao.com\/1\/wp-json\/wp\/v2\/posts\/126499\/revisions\/126502"}],"wp:featuredmedia":[{"embeddable":true,"href":"https:\/\/www.caririemacao.com\/1\/wp-json\/wp\/v2\/media\/126501"}],"wp:attachment":[{"href":"https:\/\/www.caririemacao.com\/1\/wp-json\/wp\/v2\/media?parent=126499"}],"wp:term":[{"taxonomy":"category","embeddable":true,"href":"https:\/\/www.caririemacao.com\/1\/wp-json\/wp\/v2\/categories?post=126499"},{"taxonomy":"post_tag","embeddable":true,"href":"https:\/\/www.caririemacao.com\/1\/wp-json\/wp\/v2\/tags?post=126499"}],"curies":[{"name":"wp","href":"https:\/\/api.w.org\/{rel}","templated":true}]}}