{"id":126509,"date":"2019-10-14T09:03:25","date_gmt":"2019-10-14T12:03:25","guid":{"rendered":"http:\/\/www.caririemacao.com\/1\/?p=126509"},"modified":"2019-10-14T09:03:25","modified_gmt":"2019-10-14T12:03:25","slug":"paraibanos-participam-da-canonizacao-de-irma-dulce-no-vaticano","status":"publish","type":"post","link":"https:\/\/www.caririemacao.com\/1\/2019\/10\/14\/paraibanos-participam-da-canonizacao-de-irma-dulce-no-vaticano\/","title":{"rendered":"Paraibanos participam da canoniza\u00e7\u00e3o de Irm\u00e3 Dulce no Vaticano"},"content":{"rendered":"\n<p> A manh\u00e3 deste domingo (13), foi marcada pela\u00a0<a href=\"https:\/\/www.clickpb.com.br\/religiao\/santa-dulce-dos-pobres-irma-dulce-e-canonizada-e-se-torna-primeira-santa-brasileira-269726.html\">canoniza\u00e7\u00e3o da brasileira Irm\u00e3 Dulce<\/a>. Na celebra\u00e7\u00e3o da Santa Dulce dos Pobres, paraibanos da cidade de Sousa prestigiaram a cerim\u00f4nia presidida pelo Papa Francisco.\u00a0<\/p>\n\n\n\n<p>Os irm\u00e3os Daniel Sarmento Gadelha, Danilo Sarmento Gadelha, suas esposas e os pais Jos\u00e9 Vicente e Lucinha, foram at\u00e9 o Vaticano para acompanhar a cerim\u00f4nia de canoniza\u00e7\u00e3o.<\/p>\n\n\n\n<p>A Santa S\u00e9 estima que em torno de&nbsp;<a href=\"https:\/\/www.clickpb.com.br\/religiao\/dez-mil-brasileiros-participam-da-canonizacao-da-irma-dulce-269748.html\">dez mil brasileiros participaram<\/a>&nbsp;da celebra\u00e7\u00e3o lit\u00fargica.Entre eles, o vice-presidente da Rep\u00fablica, Hamilton Mour\u00e3o, e os presidentes da C\u00e2mara dos Deputados, Rodrigo Maia (DEM-RJ); do Senado, Davi Alcolumbre (DEM-AP), e do Supremo Tribunal Federal (STF), ministro Dias Toffolli.<\/p>\n\n\n\n<p>A santa, conhecida popularmente como Anjo Bom da Bahia, foi uma das religiosas mais populares do Brasil gra\u00e7as ao trabalho social prestado aos mais pobres e necessitados, principalmente na Bahia.<\/p>\n\n\n\n<p>O Vaticano considera que Santa Dulce dos Pobres \u00e9 a primeira santa brasileira. Embora outras brasileiras e uma religiosa que atuou no pa\u00eds tenham sido canonizadas pela Igreja Cat\u00f3lica anteriormente, irm\u00e3 Dulce \u00e9 a primeira mulher nascida no Brasil que teve milagres reconhecidos.<\/p>\n","protected":false},"excerpt":{"rendered":"<p>A manh\u00e3 deste domingo (13), foi marcada pela\u00a0canoniza\u00e7\u00e3o da brasileira Irm\u00e3 Dulce. Na celebra\u00e7\u00e3o da Santa Dulce dos Pobres, paraibanos da cidade de Sousa prestigiaram&hellip; <\/p>\n","protected":false},"author":1,"featured_media":126136,"comment_status":"closed","ping_status":"closed","sticky":false,"template":"","format":"standard","meta":{"sfsi_plus_gutenberg_text_before_share":"","sfsi_plus_gutenberg_show_text_before_share":"","sfsi_plus_gutenberg_icon_type":"","sfsi_plus_gutenberg_icon_alignemt":"","sfsi_plus_gutenburg_max_per_row":"","footnotes":""},"categories":[2],"tags":[],"class_list":["post-126509","post","type-post","status-publish","format-standard","has-post-thumbnail","hentry","category-geral"],"_links":{"self":[{"href":"https:\/\/www.caririemacao.com\/1\/wp-json\/wp\/v2\/posts\/126509","targetHints":{"allow":["GET"]}}],"collection":[{"href":"https:\/\/www.caririemacao.com\/1\/wp-json\/wp\/v2\/posts"}],"about":[{"href":"https:\/\/www.caririemacao.com\/1\/wp-json\/wp\/v2\/types\/post"}],"author":[{"embeddable":true,"href":"https:\/\/www.caririemacao.com\/1\/wp-json\/wp\/v2\/users\/1"}],"replies":[{"embeddable":true,"href":"https:\/\/www.caririemacao.com\/1\/wp-json\/wp\/v2\/comments?post=126509"}],"version-history":[{"count":1,"href":"https:\/\/www.caririemacao.com\/1\/wp-json\/wp\/v2\/posts\/126509\/revisions"}],"predecessor-version":[{"id":126511,"href":"https:\/\/www.caririemacao.com\/1\/wp-json\/wp\/v2\/posts\/126509\/revisions\/126511"}],"wp:featuredmedia":[{"embeddable":true,"href":"https:\/\/www.caririemacao.com\/1\/wp-json\/wp\/v2\/media\/126136"}],"wp:attachment":[{"href":"https:\/\/www.caririemacao.com\/1\/wp-json\/wp\/v2\/media?parent=126509"}],"wp:term":[{"taxonomy":"category","embeddable":true,"href":"https:\/\/www.caririemacao.com\/1\/wp-json\/wp\/v2\/categories?post=126509"},{"taxonomy":"post_tag","embeddable":true,"href":"https:\/\/www.caririemacao.com\/1\/wp-json\/wp\/v2\/tags?post=126509"}],"curies":[{"name":"wp","href":"https:\/\/api.w.org\/{rel}","templated":true}]}}