{"id":126564,"date":"2019-10-14T09:17:59","date_gmt":"2019-10-14T12:17:59","guid":{"rendered":"http:\/\/www.caririemacao.com\/1\/?p=126564"},"modified":"2019-10-14T09:17:59","modified_gmt":"2019-10-14T12:17:59","slug":"prefeitura-de-sao-sebastiao-do-umbuzeiro-realizara-ato-para-oficializar-fechamento-do-lixao-municipal","status":"publish","type":"post","link":"https:\/\/www.caririemacao.com\/1\/2019\/10\/14\/prefeitura-de-sao-sebastiao-do-umbuzeiro-realizara-ato-para-oficializar-fechamento-do-lixao-municipal\/","title":{"rendered":"Prefeitura de S\u00e3o Sebasti\u00e3o do Umbuzeiro realizar\u00e1 ato para oficializar fechamento do lix\u00e3o municipal"},"content":{"rendered":"\n<p> A Prefeitura de S\u00e3o Sebasti\u00e3o do Umbuzeiro realizar\u00e1 nesta ter\u00e7a-feira (15), a partir das 09h, um ato oficializando o fechamento do lix\u00e3o municipal. O evento contar\u00e1 com a presen\u00e7a do prefeito Adriano Wolff e do Procurador Geral de Justi\u00e7a do Minist\u00e9rio P\u00fablico da Para\u00edba, Dr. Francisco Ser\u00e1phico Ferraz da Nobrega Filho.<\/p>\n\n\n\n<p>O ato ser\u00e1 realizando em frente ao antigo lix\u00e3o, as margens da Rodovia PB-264. S\u00e3o Sebasti\u00e3o do Umbuzeiro \u00e9 o primeiro munic\u00edpio da regi\u00e3o do Cariri paraibano que fechar\u00e1 o lix\u00e3o municipal.<\/p>\n\n\n\n<p>O Prefeito Adriano Wolff explicou que a Prefeitura firmou em maio deste ano um conv\u00eanio com a Prefeitura de Arcoverde\/PE, para o enviar do lixo da cidade para o aterro sanit\u00e1rio de Arcoverde, dessa forma, desativando o lix\u00e3o do munic\u00edpio.<\/p>\n\n\n\n<p>O Gestor ainda destacou que al\u00e9m de melhorar o estilo de vida dos umbuzeirenses, evitando doen\u00e7as que os lix\u00f5es ocasionam, e tamb\u00e9m cumprindo com a legisla\u00e7\u00e3o, o munic\u00edpio est\u00e1 colaborando para a constru\u00e7\u00e3o de meio ambiente equilibrado.<\/p>\n","protected":false},"excerpt":{"rendered":"<p>A Prefeitura de S\u00e3o Sebasti\u00e3o do Umbuzeiro realizar\u00e1 nesta ter\u00e7a-feira (15), a partir das 09h, um ato oficializando o fechamento do lix\u00e3o municipal. O evento&hellip; <\/p>\n","protected":false},"author":1,"featured_media":126566,"comment_status":"closed","ping_status":"closed","sticky":false,"template":"","format":"standard","meta":{"sfsi_plus_gutenberg_text_before_share":"","sfsi_plus_gutenberg_show_text_before_share":"","sfsi_plus_gutenberg_icon_type":"","sfsi_plus_gutenberg_icon_alignemt":"","sfsi_plus_gutenburg_max_per_row":"","footnotes":""},"categories":[2],"tags":[],"class_list":["post-126564","post","type-post","status-publish","format-standard","has-post-thumbnail","hentry","category-geral"],"_links":{"self":[{"href":"https:\/\/www.caririemacao.com\/1\/wp-json\/wp\/v2\/posts\/126564","targetHints":{"allow":["GET"]}}],"collection":[{"href":"https:\/\/www.caririemacao.com\/1\/wp-json\/wp\/v2\/posts"}],"about":[{"href":"https:\/\/www.caririemacao.com\/1\/wp-json\/wp\/v2\/types\/post"}],"author":[{"embeddable":true,"href":"https:\/\/www.caririemacao.com\/1\/wp-json\/wp\/v2\/users\/1"}],"replies":[{"embeddable":true,"href":"https:\/\/www.caririemacao.com\/1\/wp-json\/wp\/v2\/comments?post=126564"}],"version-history":[{"count":1,"href":"https:\/\/www.caririemacao.com\/1\/wp-json\/wp\/v2\/posts\/126564\/revisions"}],"predecessor-version":[{"id":126567,"href":"https:\/\/www.caririemacao.com\/1\/wp-json\/wp\/v2\/posts\/126564\/revisions\/126567"}],"wp:featuredmedia":[{"embeddable":true,"href":"https:\/\/www.caririemacao.com\/1\/wp-json\/wp\/v2\/media\/126566"}],"wp:attachment":[{"href":"https:\/\/www.caririemacao.com\/1\/wp-json\/wp\/v2\/media?parent=126564"}],"wp:term":[{"taxonomy":"category","embeddable":true,"href":"https:\/\/www.caririemacao.com\/1\/wp-json\/wp\/v2\/categories?post=126564"},{"taxonomy":"post_tag","embeddable":true,"href":"https:\/\/www.caririemacao.com\/1\/wp-json\/wp\/v2\/tags?post=126564"}],"curies":[{"name":"wp","href":"https:\/\/api.w.org\/{rel}","templated":true}]}}