{"id":126587,"date":"2019-10-14T11:29:34","date_gmt":"2019-10-14T14:29:34","guid":{"rendered":"http:\/\/www.caririemacao.com\/1\/?p=126587"},"modified":"2019-10-14T11:29:34","modified_gmt":"2019-10-14T14:29:34","slug":"sky-e-condenada-a-pagar-r-10-mil-de-indenizacao-por-incluir-consumidor-indevidamente-no-serasa","status":"publish","type":"post","link":"https:\/\/www.caririemacao.com\/1\/2019\/10\/14\/sky-e-condenada-a-pagar-r-10-mil-de-indenizacao-por-incluir-consumidor-indevidamente-no-serasa\/","title":{"rendered":"SKY \u00e9 condenada a pagar R$ 10 mil de indeniza\u00e7\u00e3o por incluir consumidor indevidamente no Serasa"},"content":{"rendered":"\n<p>A empresa Sky Servi\u00e7os de Banda Larga Ltda. foi condenada a pagar uma indeniza\u00e7\u00e3o de R$ 10 mil por danos morais a Everaldo Gomes de Leiros J\u00fanior, por incluir consumidor nos cadastros de prote\u00e7\u00e3o ao cr\u00e9dito, por uma d\u00edvida no valor de R$ 176,51. A senten\u00e7a, da qual cabe recurso, \u00e9 da ju\u00edza Silvana Carvalho Soares, em tr\u00e2mite na 5\u00aa Vara C\u00edvel da Capital.<\/p>\n\n\n\n<p>O consumidor informou que foi a uma ag\u00eancia da Caixa Econ\u00f4mica Federal para realizar o financiamento de um im\u00f3vel, e teve seu cr\u00e9dito negado devido a inclus\u00e3o do seu nome junto a Serasa. J\u00e1 a empresa demonstrou, atrav\u00e9s de telas juntadas a pe\u00e7a contestat\u00f3ria, que de prontid\u00e3o cancelou a assinatura, dando baixa no d\u00e9bito.<\/p>\n\n\n\n<p>Por fim, alegou que o consumidor buscou a via judicial com o objetivo de levar vantagem e requereu a improced\u00eancia da a\u00e7\u00e3o.<\/p>\n\n\n\n<p>A ju\u00edza afirmou ter havido uma conduta danosa perpetrada pela empresa, em raz\u00e3o da falta de zelo perante a presta\u00e7\u00e3o dos seus servi\u00e7os, o que resultou na inscri\u00e7\u00e3o indevida do nome do autor nos cadastros de prote\u00e7\u00e3o ao cr\u00e9dito.&nbsp;&nbsp;<\/p>\n\n\n\n<p>A magistrada explicou que a indeniza\u00e7\u00e3o por dano moral deve ser fixada em quantia que compense a dor ou o sofrimento suportado pela parte, a ser arbitrada pelo juiz, atendendo \u00e0s circunst\u00e2ncias de cada caso.<\/p>\n","protected":false},"excerpt":{"rendered":"<p>A empresa Sky Servi\u00e7os de Banda Larga Ltda. foi condenada a pagar uma indeniza\u00e7\u00e3o de R$ 10 mil por danos morais a Everaldo Gomes de&hellip; <\/p>\n","protected":false},"author":1,"featured_media":126588,"comment_status":"closed","ping_status":"closed","sticky":false,"template":"","format":"standard","meta":{"sfsi_plus_gutenberg_text_before_share":"","sfsi_plus_gutenberg_show_text_before_share":"","sfsi_plus_gutenberg_icon_type":"","sfsi_plus_gutenberg_icon_alignemt":"","sfsi_plus_gutenburg_max_per_row":"","footnotes":""},"categories":[2],"tags":[],"class_list":["post-126587","post","type-post","status-publish","format-standard","has-post-thumbnail","hentry","category-geral"],"_links":{"self":[{"href":"https:\/\/www.caririemacao.com\/1\/wp-json\/wp\/v2\/posts\/126587","targetHints":{"allow":["GET"]}}],"collection":[{"href":"https:\/\/www.caririemacao.com\/1\/wp-json\/wp\/v2\/posts"}],"about":[{"href":"https:\/\/www.caririemacao.com\/1\/wp-json\/wp\/v2\/types\/post"}],"author":[{"embeddable":true,"href":"https:\/\/www.caririemacao.com\/1\/wp-json\/wp\/v2\/users\/1"}],"replies":[{"embeddable":true,"href":"https:\/\/www.caririemacao.com\/1\/wp-json\/wp\/v2\/comments?post=126587"}],"version-history":[{"count":1,"href":"https:\/\/www.caririemacao.com\/1\/wp-json\/wp\/v2\/posts\/126587\/revisions"}],"predecessor-version":[{"id":126589,"href":"https:\/\/www.caririemacao.com\/1\/wp-json\/wp\/v2\/posts\/126587\/revisions\/126589"}],"wp:featuredmedia":[{"embeddable":true,"href":"https:\/\/www.caririemacao.com\/1\/wp-json\/wp\/v2\/media\/126588"}],"wp:attachment":[{"href":"https:\/\/www.caririemacao.com\/1\/wp-json\/wp\/v2\/media?parent=126587"}],"wp:term":[{"taxonomy":"category","embeddable":true,"href":"https:\/\/www.caririemacao.com\/1\/wp-json\/wp\/v2\/categories?post=126587"},{"taxonomy":"post_tag","embeddable":true,"href":"https:\/\/www.caririemacao.com\/1\/wp-json\/wp\/v2\/tags?post=126587"}],"curies":[{"name":"wp","href":"https:\/\/api.w.org\/{rel}","templated":true}]}}