{"id":126605,"date":"2019-10-14T11:39:58","date_gmt":"2019-10-14T14:39:58","guid":{"rendered":"http:\/\/www.caririemacao.com\/1\/?p=126605"},"modified":"2019-10-14T11:39:58","modified_gmt":"2019-10-14T14:39:58","slug":"atividade-economica-cresce-007-em-agosto-no-brasil","status":"publish","type":"post","link":"https:\/\/www.caririemacao.com\/1\/2019\/10\/14\/atividade-economica-cresce-007-em-agosto-no-brasil\/","title":{"rendered":"Atividade econ\u00f4mica cresce 0,07% em agosto no Brasil"},"content":{"rendered":"\n<p>O \u00cdndice de Atividade Econ\u00f4mica do Banco Central (IBC-Br) dessazonalizado (ajustado para o per\u00edodo) apresentou expans\u00e3o de 0,07% em agosto em rela\u00e7\u00e3o a julho deste ano, segundo dados divulgados hoje (14), em Bras\u00edlia, pelo Banco Central (BC).<\/p>\n\n\n\n<p>Na compara\u00e7\u00e3o com agosto de 2018, houve queda de 0,73% (sem ajuste para o per\u00edodo). Em 12 meses encerrados em agosto, o indicador cresceu 0,87%. No ano, houve crescimento de 0,66%.<\/p>\n\n\n\n<p>O IBC-Br \u00e9 uma forma de avaliar a evolu\u00e7\u00e3o da atividade econ\u00f4mica brasileira e ajuda o BC a tomar suas decis\u00f5es sobre a taxa b\u00e1sica de juros, a Selic.<\/p>\n\n\n\n<p>O \u00edndice incorpora informa\u00e7\u00f5es sobre o n\u00edvel de atividade dos tr\u00eas setores da economia: ind\u00fastria, com\u00e9rcio e servi\u00e7os e agropecu\u00e1ria, al\u00e9m do volume de impostos.<\/p>\n\n\n\n<p>O indicador foi criado pelo BC para fazer um acompanhamento mensal da atividade econ\u00f4mica. Mas o indicador oficial, com metodologia diferente do IBC-Br, \u00e9 o Produto Interno Bruto (PIB), calculado pelo Instituto Brasileiro de Geografia e Estat\u00edstica (IBGE) e divulgado trimestralmente.Edi\u00e7\u00e3o:&nbsp;Kleber Sampaio&nbsp;Tags:&nbsp;<a href=\"http:\/\/agenciabrasil.ebc.com.br\/tags\/indice-de-atividade-economica\">\u00cdNDICE DE ATIVIDADE ECON\u00d4MICA<\/a><a href=\"http:\/\/agenciabrasil.ebc.com.br\/tags\/banco-central\">BANCO CENTRAL<\/a><\/p>\n\n\n\n<h4 class=\"wp-block-heading\">D\u00ca SUA OPINI\u00c3O SOBRE A QUALIDADE DO CONTE\u00daDO QUE VOC\u00ca ACESSOU.<\/h4>\n\n\n\n<p>Para registrar sua opini\u00e3o, copie o link ou o t\u00edtulo do conte\u00fado e clique na barra de manifesta\u00e7\u00e3o.<\/p>\n\n\n\n<p>Voc\u00ea ser\u00e1 direcionado para o &#8220;Fale com a Ouvidoria&#8221; da EBC e poder\u00e1 nos ajudar a melhorar nossos servi\u00e7os, sugerindo, denunciando, reclamando, solicitando e, tamb\u00e9m, elogiando.<\/p>\n","protected":false},"excerpt":{"rendered":"<p>O \u00cdndice de Atividade Econ\u00f4mica do Banco Central (IBC-Br) dessazonalizado (ajustado para o per\u00edodo) apresentou expans\u00e3o de 0,07% em agosto em rela\u00e7\u00e3o a julho deste&hellip; <\/p>\n","protected":false},"author":1,"featured_media":126606,"comment_status":"closed","ping_status":"closed","sticky":false,"template":"","format":"standard","meta":{"sfsi_plus_gutenberg_text_before_share":"","sfsi_plus_gutenberg_show_text_before_share":"","sfsi_plus_gutenberg_icon_type":"","sfsi_plus_gutenberg_icon_alignemt":"","sfsi_plus_gutenburg_max_per_row":"","footnotes":""},"categories":[11],"tags":[],"class_list":["post-126605","post","type-post","status-publish","format-standard","has-post-thumbnail","hentry","category-politica"],"_links":{"self":[{"href":"https:\/\/www.caririemacao.com\/1\/wp-json\/wp\/v2\/posts\/126605","targetHints":{"allow":["GET"]}}],"collection":[{"href":"https:\/\/www.caririemacao.com\/1\/wp-json\/wp\/v2\/posts"}],"about":[{"href":"https:\/\/www.caririemacao.com\/1\/wp-json\/wp\/v2\/types\/post"}],"author":[{"embeddable":true,"href":"https:\/\/www.caririemacao.com\/1\/wp-json\/wp\/v2\/users\/1"}],"replies":[{"embeddable":true,"href":"https:\/\/www.caririemacao.com\/1\/wp-json\/wp\/v2\/comments?post=126605"}],"version-history":[{"count":1,"href":"https:\/\/www.caririemacao.com\/1\/wp-json\/wp\/v2\/posts\/126605\/revisions"}],"predecessor-version":[{"id":126607,"href":"https:\/\/www.caririemacao.com\/1\/wp-json\/wp\/v2\/posts\/126605\/revisions\/126607"}],"wp:featuredmedia":[{"embeddable":true,"href":"https:\/\/www.caririemacao.com\/1\/wp-json\/wp\/v2\/media\/126606"}],"wp:attachment":[{"href":"https:\/\/www.caririemacao.com\/1\/wp-json\/wp\/v2\/media?parent=126605"}],"wp:term":[{"taxonomy":"category","embeddable":true,"href":"https:\/\/www.caririemacao.com\/1\/wp-json\/wp\/v2\/categories?post=126605"},{"taxonomy":"post_tag","embeddable":true,"href":"https:\/\/www.caririemacao.com\/1\/wp-json\/wp\/v2\/tags?post=126605"}],"curies":[{"name":"wp","href":"https:\/\/api.w.org\/{rel}","templated":true}]}}