{"id":126613,"date":"2019-10-14T11:53:00","date_gmt":"2019-10-14T14:53:00","guid":{"rendered":"http:\/\/www.caririemacao.com\/1\/?p=126613"},"modified":"2019-10-14T11:53:00","modified_gmt":"2019-10-14T14:53:00","slug":"brasil-tem-107-milhoes-de-pessoas-com-deficiencia-auditiva-diz-estudo","status":"publish","type":"post","link":"https:\/\/www.caririemacao.com\/1\/2019\/10\/14\/brasil-tem-107-milhoes-de-pessoas-com-deficiencia-auditiva-diz-estudo\/","title":{"rendered":"Brasil tem 10,7 milh\u00f5es de pessoas com defici\u00eancia auditiva, diz estudo"},"content":{"rendered":"\n<p>studo feito em conjunto pelo Instituto Locomotiva e a Semana da Acessibilidade Surda revela a exist\u00eancia, no Brasil, de 10,7 milh\u00f5es de pessoas com defici\u00eancia auditiva. Desse total, 2,3 milh\u00f5es t\u00eam defici\u00eancia severa. A surdez atinge 54% de homens e 46% de mulheres. A predomin\u00e2ncia \u00e9 na faixa de 60 anos de idade ou mais (57%).<\/p>\n\n\n\n<p>Nove por cento das pessoas com defici\u00eancia auditiva nasceram com essa condi\u00e7\u00e3o e 91% adquiriram ao longo da vida, sendo que metade foi antes dos 50 anos. Entre os que apresentam defici\u00eancia auditiva severa, 15% j\u00e1 nasceram surdos. Do total pesquisado, 87% n\u00e3o usam aparelhos auditivos.<\/p>\n\n\n\n<p>\u201cA defici\u00eancia auditiva \u00e9 uma defici\u00eancia que se agrava com o passar dos anos. E como o Brasil est\u00e1 passando por um processo de envelhecimento da popula\u00e7\u00e3o, hoje j\u00e1 temos 59 milh\u00f5es de brasileiros com mais de 50 anos e, em 2050, vamos chegar com mais de 98 milh\u00f5es de brasileiros com mais de 50 anos de idade, essa \u00e9 uma tend\u00eancia que s\u00f3 vai crescer\u201d, disse Renato Meirelles, presidente do Instituto Locomotiva. Completou que a \u201csociedade, claramente, n\u00e3o est\u00e1 preparada para isso\u201d.<\/p>\n\n\n\n<p>Nesse cen\u00e1rio de envelhecimento crescente da popula\u00e7\u00e3o brasileira, Meirelles destacou que oferecer condi\u00e7\u00f5es de inclus\u00e3o para as pessoas com defici\u00eancia auditiva \u00e9 cada vez mais importante, \u201cporque o n\u00famero dessas pessoas s\u00f3 vai crescer\u201d.<\/p>\n\n\n\n<p><strong>Dificuldades<\/strong><br>Dois em cada tr\u00eas brasileiros relataram enfrentar dificuldades nas atividades do cotidiano. \u201cCom isso, eles se divertem menos, t\u00eam menos chance no mercado de trabalho, n\u00e3o t\u00eam as mesmas oportunidades educacionais que os ouvintes t\u00eam\u201d.<\/p>\n\n\n\n<p>A falta de acolhimento e inclus\u00e3o limitam o acesso dos surdos \u00e0s oportunidades b\u00e1sicas, como educa\u00e7\u00e3o (somente 7% t\u00eam ensino superior completo; 15% frequentaram at\u00e9 o ensino m\u00e9dio, 46% at\u00e9 o fundamental e 32% n\u00e3o possuem grau de instru\u00e7\u00e3o).<\/p>\n\n\n\n<p>Vinte por cento das pessoas com defici\u00eancia auditiva idosos n\u00e3o conseguem sair sozinhas, s\u00f3 37% est\u00e3o no mercado de trabalho e 87% n\u00e3o usam aparelhos auditivos. \u201cPorque \u00e9 muito caro e inacess\u00edvel para a maioria dessa popula\u00e7\u00e3o\u201d, disse Meirelles.<\/p>\n\n\n\n<p>\u201cE como a popula\u00e7\u00e3o surda teve menos oportunidade de estudar do que a popula\u00e7\u00e3o ouvinte, como tem mais dificuldade no mercado de trabalho do que a popula\u00e7\u00e3o ouvinte, o dinheiro para conseguir o aparelho \u00e9 ainda mais dif\u00edcil. Esse conjunto de preconceitos que existe na sociedade acaba criando um c\u00edrculo vicioso que n\u00e3o possibilita que os surdos e os ouvintes tenham as mesmas oportunidades de se dar bem na vida.\u201d<\/p>\n\n\n\n<p>\u201cQuando comecei no meu trabalho, as pessoas pensavam que eu n\u00e3o era capaz de fazer as coisas. Demorou demais para que elas acreditassem que eu tinha capacidades, mas \u00e0s vezes ainda me olham com discrimina\u00e7\u00e3o e desconfian\u00e7a por eu ser quem sou\u201d, afirmou uma mulher com defici\u00eancia auditiva de 30 anos, entrevistada em S\u00e3o Paulo.<\/p>\n\n\n\n<p><strong>Aut\u00f4nomos<\/strong><br>Entre os tipos de ocupa\u00e7\u00e3o desempenhada pelas pessoas com defici\u00eancia auditivo com 18 anos de idade ou mais destacam-se empregado no setor privado (43%) e trabalhador por conta pr\u00f3pria (37%). Segundo Renato Meirelles, \u201cessas pessoas desistiram de arrumar emprego e passaram a empreender para garantir o seu sustento\u201d.<\/p>\n\n\n\n<p>A pesquisa foi realizada entre os dias 1\u00ba e 5 de setembro passado, com 1,5 mil brasileiros surdos e ouvintes. No total, o Brasil possui 50,30 pessoas com defici\u00eancia. Nove em cada dez brasileiros afirmaram ser favor\u00e1veis aos direitos das pessoas com defici\u00eancia.<\/p>\n\n\n\n<p>A pesquisa mostra que a maior parcela de pessoas com defici\u00eancia auditiva est\u00e1 na Regi\u00e3o Sudeste (42%), seguida pelo Nordeste (26%) e Sul (19%). J\u00e1 as regi\u00f5es Centro-Oeste e Norte det\u00eam os menores percentuais de surdos (6% e 7%, respectivamente). Das pessoas com defici\u00eancia auditiva, 28% declararam ter tamb\u00e9m algum tipo de defici\u00eancia visual e 2%, defici\u00eancia intelectual.<\/p>\n\n\n\n<p>Uma parcela de 14% dos brasileiros com problemas auditivos disseram n\u00e3o se sentir \u00e0 vontade e poder falar sobre quase tudo com a fam\u00edlia; 40% sentem isso em rela\u00e7\u00e3o a amigos, contra 11% e 34% da popula\u00e7\u00e3o de forma geral. A sondagem revela, ainda, que pessoas com defici\u00eancia auditiva severa t\u00eam tr\u00eas vezes mais chance de sofrerem discrimina\u00e7\u00e3o em servi\u00e7os de sa\u00fade do que pessoas ouvintes.<\/p>\n\n\n\n<p><strong>Mundo<\/strong><br>Segundo a Organiza\u00e7\u00e3o Mundial da Sa\u00fade (OMS) existem 500 milh\u00f5es de surdos no mundo e, at\u00e9 2050, haver\u00e1 pelo menos 1 bilh\u00e3o em todo o globo.<\/p>\n\n\n\n<p><em>Fonte: Ag\u00eancia Brasil<\/em><\/p>\n","protected":false},"excerpt":{"rendered":"<p>studo feito em conjunto pelo Instituto Locomotiva e a Semana da Acessibilidade Surda revela a exist\u00eancia, no Brasil, de 10,7 milh\u00f5es de pessoas com defici\u00eancia&hellip; <\/p>\n","protected":false},"author":1,"featured_media":126614,"comment_status":"closed","ping_status":"closed","sticky":false,"template":"","format":"standard","meta":{"sfsi_plus_gutenberg_text_before_share":"","sfsi_plus_gutenberg_show_text_before_share":"","sfsi_plus_gutenberg_icon_type":"","sfsi_plus_gutenberg_icon_alignemt":"","sfsi_plus_gutenburg_max_per_row":"","footnotes":""},"categories":[16],"tags":[],"class_list":["post-126613","post","type-post","status-publish","format-standard","has-post-thumbnail","hentry","category-saude"],"_links":{"self":[{"href":"https:\/\/www.caririemacao.com\/1\/wp-json\/wp\/v2\/posts\/126613","targetHints":{"allow":["GET"]}}],"collection":[{"href":"https:\/\/www.caririemacao.com\/1\/wp-json\/wp\/v2\/posts"}],"about":[{"href":"https:\/\/www.caririemacao.com\/1\/wp-json\/wp\/v2\/types\/post"}],"author":[{"embeddable":true,"href":"https:\/\/www.caririemacao.com\/1\/wp-json\/wp\/v2\/users\/1"}],"replies":[{"embeddable":true,"href":"https:\/\/www.caririemacao.com\/1\/wp-json\/wp\/v2\/comments?post=126613"}],"version-history":[{"count":1,"href":"https:\/\/www.caririemacao.com\/1\/wp-json\/wp\/v2\/posts\/126613\/revisions"}],"predecessor-version":[{"id":126615,"href":"https:\/\/www.caririemacao.com\/1\/wp-json\/wp\/v2\/posts\/126613\/revisions\/126615"}],"wp:featuredmedia":[{"embeddable":true,"href":"https:\/\/www.caririemacao.com\/1\/wp-json\/wp\/v2\/media\/126614"}],"wp:attachment":[{"href":"https:\/\/www.caririemacao.com\/1\/wp-json\/wp\/v2\/media?parent=126613"}],"wp:term":[{"taxonomy":"category","embeddable":true,"href":"https:\/\/www.caririemacao.com\/1\/wp-json\/wp\/v2\/categories?post=126613"},{"taxonomy":"post_tag","embeddable":true,"href":"https:\/\/www.caririemacao.com\/1\/wp-json\/wp\/v2\/tags?post=126613"}],"curies":[{"name":"wp","href":"https:\/\/api.w.org\/{rel}","templated":true}]}}