{"id":126616,"date":"2019-10-14T11:54:44","date_gmt":"2019-10-14T14:54:44","guid":{"rendered":"http:\/\/www.caririemacao.com\/1\/?p=126616"},"modified":"2019-10-14T11:54:44","modified_gmt":"2019-10-14T14:54:44","slug":"whatsapp-testa-modo-noturno-independente-das-configuracoes-do-android","status":"publish","type":"post","link":"https:\/\/www.caririemacao.com\/1\/2019\/10\/14\/whatsapp-testa-modo-noturno-independente-das-configuracoes-do-android\/","title":{"rendered":"WhatsApp testa Modo Noturno independente das configura\u00e7\u00f5es do Android"},"content":{"rendered":"\n<p>Todo mundo quer Modo Noturno em todas as plataformas e o&nbsp;WhatsApp, que vem testando essa op\u00e7\u00e3o j\u00e1 faz um tempinho, agora estaria experimentando o chamado \u201cDark Theme\u201d em uma vers\u00e3o independente do Android. Ou seja, o app n\u00e3o precisa dessa fun\u00e7\u00e3o no sistema operacional para executar a mudan\u00e7a de cores, e com isso o usu\u00e1rio pode ter somente o mensageiro no claro ou no escuro.- Continua depois da publicidade &#8211;<\/p>\n\n\n\n<p>De acordo com o WABetaInfo, a vers\u00e3o beta 2.19.292 do WhatsApp mostra algumas corre\u00e7\u00f5es de tons para que os caracteres fiquem leg\u00edveis. Como voc\u00ea pode ver no vazamento abaixo, algumas tonalidades ainda entram em conflito com o que est\u00e1 escrito.<\/p>\n\n\n\n<p>Outra informa\u00e7\u00e3o de bastidores diz que essa op\u00e7\u00e3o estar\u00e1 nas configura\u00e7\u00f5es, que devem trazer as alternativas: claro (Light Theme), escuro (Dark Theme) e padr\u00e3o (Default), lembrando que essa \u00faltima no Android 9 ou 10 segue o que estiver ativado no dispositivo.<\/p>\n\n\n\n<p>Ainda n\u00e3o d\u00e1 para saber quando este novo Modo Noturno finalmente chegar\u00e1 ao Android e nem para iOS 13, que tamb\u00e9m deve ganhar essa funcionalidade em breve. Informa\u00e7\u00f5es do Canaltech.<\/p>\n","protected":false},"excerpt":{"rendered":"<p>Todo mundo quer Modo Noturno em todas as plataformas e o&nbsp;WhatsApp, que vem testando essa op\u00e7\u00e3o j\u00e1 faz um tempinho, agora estaria experimentando o chamado&hellip; <\/p>\n","protected":false},"author":1,"featured_media":126617,"comment_status":"closed","ping_status":"closed","sticky":false,"template":"","format":"standard","meta":{"sfsi_plus_gutenberg_text_before_share":"","sfsi_plus_gutenberg_show_text_before_share":"","sfsi_plus_gutenberg_icon_type":"","sfsi_plus_gutenberg_icon_alignemt":"","sfsi_plus_gutenburg_max_per_row":"","footnotes":""},"categories":[2],"tags":[],"class_list":["post-126616","post","type-post","status-publish","format-standard","has-post-thumbnail","hentry","category-geral"],"_links":{"self":[{"href":"https:\/\/www.caririemacao.com\/1\/wp-json\/wp\/v2\/posts\/126616","targetHints":{"allow":["GET"]}}],"collection":[{"href":"https:\/\/www.caririemacao.com\/1\/wp-json\/wp\/v2\/posts"}],"about":[{"href":"https:\/\/www.caririemacao.com\/1\/wp-json\/wp\/v2\/types\/post"}],"author":[{"embeddable":true,"href":"https:\/\/www.caririemacao.com\/1\/wp-json\/wp\/v2\/users\/1"}],"replies":[{"embeddable":true,"href":"https:\/\/www.caririemacao.com\/1\/wp-json\/wp\/v2\/comments?post=126616"}],"version-history":[{"count":1,"href":"https:\/\/www.caririemacao.com\/1\/wp-json\/wp\/v2\/posts\/126616\/revisions"}],"predecessor-version":[{"id":126618,"href":"https:\/\/www.caririemacao.com\/1\/wp-json\/wp\/v2\/posts\/126616\/revisions\/126618"}],"wp:featuredmedia":[{"embeddable":true,"href":"https:\/\/www.caririemacao.com\/1\/wp-json\/wp\/v2\/media\/126617"}],"wp:attachment":[{"href":"https:\/\/www.caririemacao.com\/1\/wp-json\/wp\/v2\/media?parent=126616"}],"wp:term":[{"taxonomy":"category","embeddable":true,"href":"https:\/\/www.caririemacao.com\/1\/wp-json\/wp\/v2\/categories?post=126616"},{"taxonomy":"post_tag","embeddable":true,"href":"https:\/\/www.caririemacao.com\/1\/wp-json\/wp\/v2\/tags?post=126616"}],"curies":[{"name":"wp","href":"https:\/\/api.w.org\/{rel}","templated":true}]}}