{"id":126619,"date":"2019-10-14T12:02:00","date_gmt":"2019-10-14T15:02:00","guid":{"rendered":"http:\/\/www.caririemacao.com\/1\/?p=126619"},"modified":"2019-10-14T12:02:00","modified_gmt":"2019-10-14T15:02:00","slug":"prefeitura-de-sume-promoveu-a-segunda-semana-do-bebe-com-acoes-voltadas-a-saude-e-cuidados-das-criancas","status":"publish","type":"post","link":"https:\/\/www.caririemacao.com\/1\/2019\/10\/14\/prefeitura-de-sume-promoveu-a-segunda-semana-do-bebe-com-acoes-voltadas-a-saude-e-cuidados-das-criancas\/","title":{"rendered":"Prefeitura de Sum\u00e9 promoveu a Segunda Semana do Beb\u00ea com a\u00e7\u00f5es voltadas \u00e0 sa\u00fade e cuidados das crian\u00e7as"},"content":{"rendered":"\n<p>No m\u00eas das crian\u00e7as, a Prefeitura de Sum\u00e9, atrav\u00e9s da Secretaria de Assist\u00eancia Social segue com atividades voltadas ao p\u00fablico do munic\u00edpio. Entre os dias 7 e 11 de outubro, aconteceu a Segunda Semana do Beb\u00ea com o tema \u201cTodos juntos pela primeira inf\u00e2ncia.<\/p>\n\n\n\n<p>A Semana do Beb\u00ea iniciou no audit\u00f3rio do Programa Bolsa Fam\u00edlia com uma roda de conversa sobre os cuidados na primeira inf\u00e2ncia e distribui\u00e7\u00e3o de repelentes e palestra sobre a import\u00e2ncia do aleitamento materno, voltadas ao grupo de m\u00e3es do Cras e gestantes benefici\u00e1rias do Programa Bolsa Fam\u00edlia e Programa Crian\u00e7a Feliz.<\/p>\n\n\n\n<figure class=\"wp-block-image\"><a href=\"http:\/\/www.sume.pb.gov.br\/wp-content\/uploads\/2019\/10\/72485567_1274653656048324_1912878094612430848_n.jpg\"><img decoding=\"async\" data-src=\"http:\/\/www.sume.pb.gov.br\/wp-content\/uploads\/2019\/10\/72485567_1274653656048324_1912878094612430848_n-300x225.jpg\" alt=\"\" src=\"data:image\/svg+xml;base64,PHN2ZyB3aWR0aD0iMSIgaGVpZ2h0PSIxIiB4bWxucz0iaHR0cDovL3d3dy53My5vcmcvMjAwMC9zdmciPjwvc3ZnPg==\" class=\"lazyload\" style=\"--smush-placeholder-width: 300px; --smush-placeholder-aspect-ratio: 300\/225;\" \/><\/a><\/figure>\n\n\n\n<figure class=\"wp-block-image\"><a href=\"http:\/\/www.sume.pb.gov.br\/wp-content\/uploads\/2019\/10\/IMG_1193.jpg\"><img decoding=\"async\" data-src=\"http:\/\/www.sume.pb.gov.br\/wp-content\/uploads\/2019\/10\/IMG_1193-300x225.jpg\" alt=\"\" src=\"data:image\/svg+xml;base64,PHN2ZyB3aWR0aD0iMSIgaGVpZ2h0PSIxIiB4bWxucz0iaHR0cDovL3d3dy53My5vcmcvMjAwMC9zdmciPjwvc3ZnPg==\" class=\"lazyload\" style=\"--smush-placeholder-width: 300px; --smush-placeholder-aspect-ratio: 300\/225;\" \/><\/a><\/figure>\n\n\n\n<figure class=\"wp-block-image\"><a href=\"http:\/\/www.sume.pb.gov.br\/wp-content\/uploads\/2019\/10\/72353928_1381252065385169_1955377470316216320_n.jpg\"><img decoding=\"async\" data-src=\"http:\/\/www.sume.pb.gov.br\/wp-content\/uploads\/2019\/10\/72353928_1381252065385169_1955377470316216320_n-300x225.jpg\" alt=\"\" src=\"data:image\/svg+xml;base64,PHN2ZyB3aWR0aD0iMSIgaGVpZ2h0PSIxIiB4bWxucz0iaHR0cDovL3d3dy53My5vcmcvMjAwMC9zdmciPjwvc3ZnPg==\" class=\"lazyload\" style=\"--smush-placeholder-width: 300px; --smush-placeholder-aspect-ratio: 300\/225;\" \/><\/a><\/figure>\n\n\n\n<p>Na ter\u00e7a e quarta-feira, as atividades aconteceram nas creches do munic\u00edpio, Rita Cipriano e Anita Garibaldi, respectivamente, com roda de conversa sobre a sa\u00fade da crian\u00e7a e preven\u00e7\u00e3o de acidentes dom\u00e9sticos, o tema foi apresentado por membros do Samu para as crian\u00e7as e familiares (pais ou respons\u00e1veis).<\/p>\n\n\n\n<p>A programa\u00e7\u00e3o seguiu na quinta-feira (6) nas unidades b\u00e1sicas de sa\u00fade da fam\u00edlia com a\u00e7\u00f5es voltadas \u00e0s gestantes e demais membros da fam\u00edlia, onde foram apresentadas a import\u00e2ncia da sa\u00fade da crian\u00e7a.<\/p>\n\n\n\n<p>Nesta sexta-feira (11), encerrando a programa\u00e7\u00e3o, o Programa Crian\u00e7a Feliz ofertou para as crian\u00e7as do SCFV e Projeto M\u00f4nica uma manh\u00e3 de atividades l\u00fadicas com hist\u00f3rias infantis, distribui\u00e7\u00e3o de livros, pipocas e guloseimas.<\/p>\n\n\n\n<p>Ascom PMS<\/p>\n","protected":false},"excerpt":{"rendered":"<p>No m\u00eas das crian\u00e7as, a Prefeitura de Sum\u00e9, atrav\u00e9s da Secretaria de Assist\u00eancia Social segue com atividades voltadas ao p\u00fablico do munic\u00edpio. Entre os dias&hellip; <\/p>\n","protected":false},"author":1,"featured_media":126620,"comment_status":"closed","ping_status":"closed","sticky":false,"template":"","format":"standard","meta":{"sfsi_plus_gutenberg_text_before_share":"","sfsi_plus_gutenberg_show_text_before_share":"","sfsi_plus_gutenberg_icon_type":"","sfsi_plus_gutenberg_icon_alignemt":"","sfsi_plus_gutenburg_max_per_row":"","footnotes":""},"categories":[6],"tags":[],"class_list":["post-126619","post","type-post","status-publish","format-standard","has-post-thumbnail","hentry","category-cidades"],"_links":{"self":[{"href":"https:\/\/www.caririemacao.com\/1\/wp-json\/wp\/v2\/posts\/126619","targetHints":{"allow":["GET"]}}],"collection":[{"href":"https:\/\/www.caririemacao.com\/1\/wp-json\/wp\/v2\/posts"}],"about":[{"href":"https:\/\/www.caririemacao.com\/1\/wp-json\/wp\/v2\/types\/post"}],"author":[{"embeddable":true,"href":"https:\/\/www.caririemacao.com\/1\/wp-json\/wp\/v2\/users\/1"}],"replies":[{"embeddable":true,"href":"https:\/\/www.caririemacao.com\/1\/wp-json\/wp\/v2\/comments?post=126619"}],"version-history":[{"count":1,"href":"https:\/\/www.caririemacao.com\/1\/wp-json\/wp\/v2\/posts\/126619\/revisions"}],"predecessor-version":[{"id":126621,"href":"https:\/\/www.caririemacao.com\/1\/wp-json\/wp\/v2\/posts\/126619\/revisions\/126621"}],"wp:featuredmedia":[{"embeddable":true,"href":"https:\/\/www.caririemacao.com\/1\/wp-json\/wp\/v2\/media\/126620"}],"wp:attachment":[{"href":"https:\/\/www.caririemacao.com\/1\/wp-json\/wp\/v2\/media?parent=126619"}],"wp:term":[{"taxonomy":"category","embeddable":true,"href":"https:\/\/www.caririemacao.com\/1\/wp-json\/wp\/v2\/categories?post=126619"},{"taxonomy":"post_tag","embeddable":true,"href":"https:\/\/www.caririemacao.com\/1\/wp-json\/wp\/v2\/tags?post=126619"}],"curies":[{"name":"wp","href":"https:\/\/api.w.org\/{rel}","templated":true}]}}