{"id":126623,"date":"2019-10-14T12:42:18","date_gmt":"2019-10-14T15:42:18","guid":{"rendered":"http:\/\/www.caririemacao.com\/1\/?p=126623"},"modified":"2019-10-14T12:42:18","modified_gmt":"2019-10-14T15:42:18","slug":"prefeitura-de-amparo-convida-os-professores-para-festa-em-homenagem-ao-seu-dia","status":"publish","type":"post","link":"https:\/\/www.caririemacao.com\/1\/2019\/10\/14\/prefeitura-de-amparo-convida-os-professores-para-festa-em-homenagem-ao-seu-dia\/","title":{"rendered":"Prefeitura de Amparo convida os professores para Festa em homenagem ao seu dia"},"content":{"rendered":"\n<p> A Prefeitura Municipal de Amparo, atrav\u00e9s da Secretaria Municipal de Educa\u00e7\u00e3o convida todos os professores para uma festa em homenagem ao dia deles.<br>O evento acontecer\u00e1 nesta ter\u00e7a-feira, \u00e0s 19h, no Col\u00e9gio Ildefonso Anselmo da Silva.<br><\/p>\n\n\n\n<p>Amparo Ligado <\/p>\n","protected":false},"excerpt":{"rendered":"<p>A Prefeitura Municipal de Amparo, atrav\u00e9s da Secretaria Municipal de Educa\u00e7\u00e3o convida todos os professores para uma festa em homenagem ao dia deles.O evento acontecer\u00e1&hellip; <\/p>\n","protected":false},"author":1,"featured_media":126624,"comment_status":"closed","ping_status":"closed","sticky":false,"template":"","format":"standard","meta":{"sfsi_plus_gutenberg_text_before_share":"","sfsi_plus_gutenberg_show_text_before_share":"","sfsi_plus_gutenberg_icon_type":"","sfsi_plus_gutenberg_icon_alignemt":"","sfsi_plus_gutenburg_max_per_row":"","footnotes":""},"categories":[6],"tags":[],"class_list":["post-126623","post","type-post","status-publish","format-standard","has-post-thumbnail","hentry","category-cidades"],"_links":{"self":[{"href":"https:\/\/www.caririemacao.com\/1\/wp-json\/wp\/v2\/posts\/126623","targetHints":{"allow":["GET"]}}],"collection":[{"href":"https:\/\/www.caririemacao.com\/1\/wp-json\/wp\/v2\/posts"}],"about":[{"href":"https:\/\/www.caririemacao.com\/1\/wp-json\/wp\/v2\/types\/post"}],"author":[{"embeddable":true,"href":"https:\/\/www.caririemacao.com\/1\/wp-json\/wp\/v2\/users\/1"}],"replies":[{"embeddable":true,"href":"https:\/\/www.caririemacao.com\/1\/wp-json\/wp\/v2\/comments?post=126623"}],"version-history":[{"count":1,"href":"https:\/\/www.caririemacao.com\/1\/wp-json\/wp\/v2\/posts\/126623\/revisions"}],"predecessor-version":[{"id":126625,"href":"https:\/\/www.caririemacao.com\/1\/wp-json\/wp\/v2\/posts\/126623\/revisions\/126625"}],"wp:featuredmedia":[{"embeddable":true,"href":"https:\/\/www.caririemacao.com\/1\/wp-json\/wp\/v2\/media\/126624"}],"wp:attachment":[{"href":"https:\/\/www.caririemacao.com\/1\/wp-json\/wp\/v2\/media?parent=126623"}],"wp:term":[{"taxonomy":"category","embeddable":true,"href":"https:\/\/www.caririemacao.com\/1\/wp-json\/wp\/v2\/categories?post=126623"},{"taxonomy":"post_tag","embeddable":true,"href":"https:\/\/www.caririemacao.com\/1\/wp-json\/wp\/v2\/tags?post=126623"}],"curies":[{"name":"wp","href":"https:\/\/api.w.org\/{rel}","templated":true}]}}