{"id":126627,"date":"2019-10-14T15:17:44","date_gmt":"2019-10-14T18:17:44","guid":{"rendered":"http:\/\/www.caririemacao.com\/1\/?p=126627"},"modified":"2019-10-14T15:17:44","modified_gmt":"2019-10-14T18:17:44","slug":"ufcg-e-multinacional-renovam-parceria","status":"publish","type":"post","link":"https:\/\/www.caririemacao.com\/1\/2019\/10\/14\/ufcg-e-multinacional-renovam-parceria\/","title":{"rendered":"UFCG e multinacional renovam parceria"},"content":{"rendered":"\n<p>A multinacional brasileira especializada em e-commerce VTEX acaba de ampliar seus investimentos na Universidade Federal de Campina Grande (UFCG). A parceria inclui projetos de extens\u00e3o e pesquisa que buscam aperfei\u00e7oar e trazer inova\u00e7\u00e3o para os softwares de com\u00e9rcio eletr\u00f4nico. Desde que iniciou o conv\u00eanio com a UFCG, no in\u00edcio de 2018, a VTEX j\u00e1 contratou oito bolsistas. Atualmente, outros seis estudantes est\u00e3o participando do processo de sele\u00e7\u00e3o de novos colaboradores da empresa.<\/p>\n\n\n\n<p>Para o professor de Ci\u00eancias da Computa\u00e7\u00e3o Matheus Gaud\u00eancio, que coordena o projeto na UFCG, \u00e9 not\u00e1vel a quantidade de atuais profissionais da VTEX que passaram pela institui\u00e7\u00e3o campinense. \u201c\u00c9 um resultado bastante positivo da parceria, que ainda ajuda na manuten\u00e7\u00e3o da estrutura utilizada\u201d, destacou.<\/p>\n\n\n\n<p>De acordo com o l\u00edder de produto da VTEX, Bruno Dias, a empresa faz quest\u00e3o de apoiar e fazer parte de parcerias como essa porque acredita no poder transformador da educa\u00e7\u00e3o. \u201cTemos orgulho de ser uma das poucas corpora\u00e7\u00f5es brasileiras que investem em pesquisa com financiamento de bolsas de mestrado e produ\u00e7\u00e3o de artigos cient\u00edficos\u201d, declarou.<\/p>\n\n\n\n<p>Segundo a l\u00edder de parcerias com as universidades da VTEX, Ana Luiza Motta, al\u00e9m de contribuir para a forma\u00e7\u00e3o de profissionais que podem ser absorvidos no quadro de colaboradores, o conv\u00eanio estimula a gera\u00e7\u00e3o de ideias e mant\u00e9m a inova\u00e7\u00e3o constante na empresa e nas faculdades. \u201cEstaremos sempre abertos a ampliar essa iniciativa. \u00c9 uma forma importante de impactar e beneficiar a educa\u00e7\u00e3o do pa\u00eds. Ao t\u00e9rmino do curso, esses alunos t\u00eam a capacidade de trabalhar em qualquer empresa de tecnologia do mundo\u201d, acrescentou Ana Luiza.<\/p>\n\n\n\n<p>Na vis\u00e3o do professor Matheus Gaud\u00eancio, a rela\u00e7\u00e3o criada propicia aos estudantes e professores um espa\u00e7o para que eles possam ter a viv\u00eancia de processos e desafios tecnol\u00f3gicos existentes no mercado. \u201cA UFCG ganha ao potencializar a forma\u00e7\u00e3o dos seus participantes e ao experimentar e desenvolver novas tecnologias e estrat\u00e9gias de produtos que ser\u00e3o criadas com uma empresa inovadora como a VTEX\u201d, concluiu.<\/p>\n\n\n\n<p>Com o sucesso do conv\u00eanio pioneiro com a UFCG, a VTEX decidiu recentemente firmar um novo acordo, desta vez com a Universidade Federal de Pernambuco (UFPE), que ter\u00e1 in\u00edcio em novembro deste ano. Entre os aportes j\u00e1 realizados e outros estabelecidos para 2020, na Para\u00edba e em Pernambuco, a empresa est\u00e1 investindo mais de R$ 1,3 milh\u00f5es em institui\u00e7\u00f5es de ensino superior. Al\u00e9m dos projetos de extens\u00e3o e pesquisa, a multinacional financia e patrocina eventos e a\u00e7\u00f5es nas universidades.<\/p>\n\n\n\n<p>Criada no Rio de Janeiro h\u00e1 quase 20 anos e com sede em S\u00e3o Paulo, a VTEX hoje atua em 28 pa\u00edses e possui escrit\u00f3rio em 10 deles. No m\u00eas passado, a empresa anunciou que vai abrir um escrit\u00f3rio em Jo\u00e3o Pessoa, o primeiro do Nordeste. A unidade ser\u00e1 focada em desenvolvimento de novos produtos e tem inaugura\u00e7\u00e3o prevista para janeiro de 2020.<\/p>\n","protected":false},"excerpt":{"rendered":"<p>A multinacional brasileira especializada em e-commerce VTEX acaba de ampliar seus investimentos na Universidade Federal de Campina Grande (UFCG). A parceria inclui projetos de extens\u00e3o&hellip; <\/p>\n","protected":false},"author":1,"featured_media":109537,"comment_status":"closed","ping_status":"closed","sticky":false,"template":"","format":"standard","meta":{"sfsi_plus_gutenberg_text_before_share":"","sfsi_plus_gutenberg_show_text_before_share":"","sfsi_plus_gutenberg_icon_type":"","sfsi_plus_gutenberg_icon_alignemt":"","sfsi_plus_gutenburg_max_per_row":"","footnotes":""},"categories":[14],"tags":[],"class_list":["post-126627","post","type-post","status-publish","format-standard","has-post-thumbnail","hentry","category-educacao"],"_links":{"self":[{"href":"https:\/\/www.caririemacao.com\/1\/wp-json\/wp\/v2\/posts\/126627","targetHints":{"allow":["GET"]}}],"collection":[{"href":"https:\/\/www.caririemacao.com\/1\/wp-json\/wp\/v2\/posts"}],"about":[{"href":"https:\/\/www.caririemacao.com\/1\/wp-json\/wp\/v2\/types\/post"}],"author":[{"embeddable":true,"href":"https:\/\/www.caririemacao.com\/1\/wp-json\/wp\/v2\/users\/1"}],"replies":[{"embeddable":true,"href":"https:\/\/www.caririemacao.com\/1\/wp-json\/wp\/v2\/comments?post=126627"}],"version-history":[{"count":1,"href":"https:\/\/www.caririemacao.com\/1\/wp-json\/wp\/v2\/posts\/126627\/revisions"}],"predecessor-version":[{"id":126628,"href":"https:\/\/www.caririemacao.com\/1\/wp-json\/wp\/v2\/posts\/126627\/revisions\/126628"}],"wp:featuredmedia":[{"embeddable":true,"href":"https:\/\/www.caririemacao.com\/1\/wp-json\/wp\/v2\/media\/109537"}],"wp:attachment":[{"href":"https:\/\/www.caririemacao.com\/1\/wp-json\/wp\/v2\/media?parent=126627"}],"wp:term":[{"taxonomy":"category","embeddable":true,"href":"https:\/\/www.caririemacao.com\/1\/wp-json\/wp\/v2\/categories?post=126627"},{"taxonomy":"post_tag","embeddable":true,"href":"https:\/\/www.caririemacao.com\/1\/wp-json\/wp\/v2\/tags?post=126627"}],"curies":[{"name":"wp","href":"https:\/\/api.w.org\/{rel}","templated":true}]}}