{"id":126630,"date":"2019-10-14T15:19:10","date_gmt":"2019-10-14T18:19:10","guid":{"rendered":"http:\/\/www.caririemacao.com\/1\/?p=126630"},"modified":"2019-10-14T15:19:10","modified_gmt":"2019-10-14T18:19:10","slug":"paraiba-e-o-estado-que-mais-cresce-em-numero-de-transplantes-no-ano","status":"publish","type":"post","link":"https:\/\/www.caririemacao.com\/1\/2019\/10\/14\/paraiba-e-o-estado-que-mais-cresce-em-numero-de-transplantes-no-ano\/","title":{"rendered":"Para\u00edba \u00e9 o estado que mais cresce em n\u00famero de transplantes no ano"},"content":{"rendered":"\n<p>Mais um transplante multi\u00f3rg\u00e3os acontece, nesta segunda-feira (14), na Para\u00edba, totalizando tr\u00eas pessoas que realizaram doa\u00e7\u00e3o de v\u00e1rios \u00f3rg\u00e3os em menos de uma semana. S\u00e3o, ao todo, quatro rins, tr\u00eas f\u00edgados, um cora\u00e7\u00e3o e quatro c\u00f3rneas em uma \u00fanica semana. Todos os \u00f3rg\u00e3os foram destinados a paraibanos, captados no Hospital de Emerg\u00eancia e Trauma Senador Humberto Lucena, em Jo\u00e3o Pessoa e transplantados na Para\u00edba.<\/p>\n\n\n\n<p>Com esses n\u00fameros, de acordo com dados do Sistema Nacional de Transplantes, o estado \u00e9 o que mais cresce em n\u00famero de transplantes em 2019.<\/p>\n\n\n\n<p>O secret\u00e1rio de Sa\u00fade, Geraldo Medeiros, comentou que a Para\u00edba tem uma proporcional eleva\u00e7\u00e3o de estat\u00edsticas, comparando com grandes centros transplantadores, a exemplo de S\u00e3o Paulo, Santa Catarina, com uma doa\u00e7\u00e3o multi\u00f3rg\u00e3os, a cada dois dias.<\/p>\n\n\n\n<figure class=\"wp-block-image\"><img decoding=\"async\" data-src=\"https:\/\/paraibaonline.com.br\/wp-content\/uploads\/2019\/10\/transplante-pb1410a.jpg\" alt=\"Foto: Secom\/PB\" class=\"wp-image-812658 lazyload\" src=\"data:image\/svg+xml;base64,PHN2ZyB3aWR0aD0iMSIgaGVpZ2h0PSIxIiB4bWxucz0iaHR0cDovL3d3dy53My5vcmcvMjAwMC9zdmciPjwvc3ZnPg==\" \/><\/figure>\n\n\n\n<p>Foto: Secom\/PB<\/p>\n\n\n\n<p>\u201c\u00c9 um sinal positivo de que a sociedade est\u00e1 cada vez mais receptiva \u00e0 import\u00e2ncia da doa\u00e7\u00e3o de \u00f3rg\u00e3os e os profissionais de sa\u00fade est\u00e3o salvando vidas em plena madrugada. Juntos, estamos diminuindo a fila de espera. Manifeste em vida aos seus familiares, o desejo de se tornar doador de \u00f3rg\u00e3os! Parab\u00e9ns \u00e0 Central de Transplantes da Para\u00edba e aos grupos transplantadores do Estado\u201d, afirmou o secret\u00e1rio estadual de Sa\u00fade, Geraldo Medeiros.<\/p>\n\n\n\n<p>O presidente do Conselho Nacional dos Secret\u00e1rios de Sa\u00fade (Conass), Alberto Beltrame, pontuou que os n\u00fameros refletem uma boa gest\u00e3o e aprimoramento da rede de aten\u00e7\u00e3o \u00e0 sa\u00fade.<\/p>\n\n\n\n<p>\u201cPara viabilizar um transplante, o hospital todo precisa se preparar e se qualificar. No fim, quem ganha s\u00e3o todos os pacientes atendidos, pois, utilizar\u00e3o um servi\u00e7o mais qualificado como um todo. Todo este circulo virtuoso de aprimoramento da aten\u00e7\u00e3o acaba por beneficiar todos os pacientes \u2013 independente de serem candidatos a transplante ou n\u00e3o. Assim, sempre fui e continuarei a ser um entusiasta dos transplantes. Para\u00edba, siga em frente\u201d, disse Beltrame.<\/p>\n","protected":false},"excerpt":{"rendered":"<p>Mais um transplante multi\u00f3rg\u00e3os acontece, nesta segunda-feira (14), na Para\u00edba, totalizando tr\u00eas pessoas que realizaram doa\u00e7\u00e3o de v\u00e1rios \u00f3rg\u00e3os em menos de uma semana. S\u00e3o,&hellip; <\/p>\n","protected":false},"author":1,"featured_media":126631,"comment_status":"closed","ping_status":"closed","sticky":false,"template":"","format":"standard","meta":{"sfsi_plus_gutenberg_text_before_share":"","sfsi_plus_gutenberg_show_text_before_share":"","sfsi_plus_gutenberg_icon_type":"","sfsi_plus_gutenberg_icon_alignemt":"","sfsi_plus_gutenburg_max_per_row":"","footnotes":""},"categories":[16],"tags":[],"class_list":["post-126630","post","type-post","status-publish","format-standard","has-post-thumbnail","hentry","category-saude"],"_links":{"self":[{"href":"https:\/\/www.caririemacao.com\/1\/wp-json\/wp\/v2\/posts\/126630","targetHints":{"allow":["GET"]}}],"collection":[{"href":"https:\/\/www.caririemacao.com\/1\/wp-json\/wp\/v2\/posts"}],"about":[{"href":"https:\/\/www.caririemacao.com\/1\/wp-json\/wp\/v2\/types\/post"}],"author":[{"embeddable":true,"href":"https:\/\/www.caririemacao.com\/1\/wp-json\/wp\/v2\/users\/1"}],"replies":[{"embeddable":true,"href":"https:\/\/www.caririemacao.com\/1\/wp-json\/wp\/v2\/comments?post=126630"}],"version-history":[{"count":1,"href":"https:\/\/www.caririemacao.com\/1\/wp-json\/wp\/v2\/posts\/126630\/revisions"}],"predecessor-version":[{"id":126632,"href":"https:\/\/www.caririemacao.com\/1\/wp-json\/wp\/v2\/posts\/126630\/revisions\/126632"}],"wp:featuredmedia":[{"embeddable":true,"href":"https:\/\/www.caririemacao.com\/1\/wp-json\/wp\/v2\/media\/126631"}],"wp:attachment":[{"href":"https:\/\/www.caririemacao.com\/1\/wp-json\/wp\/v2\/media?parent=126630"}],"wp:term":[{"taxonomy":"category","embeddable":true,"href":"https:\/\/www.caririemacao.com\/1\/wp-json\/wp\/v2\/categories?post=126630"},{"taxonomy":"post_tag","embeddable":true,"href":"https:\/\/www.caririemacao.com\/1\/wp-json\/wp\/v2\/tags?post=126630"}],"curies":[{"name":"wp","href":"https:\/\/api.w.org\/{rel}","templated":true}]}}