{"id":126633,"date":"2019-10-14T15:19:48","date_gmt":"2019-10-14T18:19:48","guid":{"rendered":"http:\/\/www.caririemacao.com\/1\/?p=126633"},"modified":"2019-10-14T15:19:48","modified_gmt":"2019-10-14T18:19:48","slug":"stf-marca-a-data-para-julgamento-historico-e-que-mexe-com-os-presidios","status":"publish","type":"post","link":"https:\/\/www.caririemacao.com\/1\/2019\/10\/14\/stf-marca-a-data-para-julgamento-historico-e-que-mexe-com-os-presidios\/","title":{"rendered":"STF marca a data para julgamento hist\u00f3rico e que mexe com os pres\u00eddios"},"content":{"rendered":"\n<p>(FOLHAPRESS) \u2013 O presidente do Supremo Tribunal Federal, ministro Dias Toffoli, marcou para quinta-feira (17) o julgamento das a\u00e7\u00f5es que discutem a constitucionalidade da pris\u00e3o de condenados em segunda inst\u00e2ncia, conforme informou nesta segunda-feira (14) a assessoria da presid\u00eancia da corte.<\/p>\n\n\n\n<p>Em pauta est\u00e3o tr\u00eas ADCs (a\u00e7\u00f5es declarat\u00f3rias de constitucionalidade) que pedem para o STF declarar constitucional o artigo 283 do C\u00f3digo de Processo Penal, que diz que ningu\u00e9m pode ser preso exceto em flagrante ou se houver senten\u00e7a condenat\u00f3ria transitada em julgado -ou seja, ap\u00f3s o julgamento dos recursos nas inst\u00e2ncias superiores.<\/p>\n\n\n\n<p>Desde 2016 a jurisprud\u00eancia do Supremo tem autorizado a execu\u00e7\u00e3o da pena de r\u00e9us condenados em segunda inst\u00e2ncia, antes de esgotados os recursos nos tribunais superiores, como foi o caso do ex-presidente Luiz In\u00e1cio Lula da Silva (PT), preso em abril de 2018.<\/p>\n\n\n\n<p>Lula foi preso ap\u00f3s ser condenado em segundo grau por corrup\u00e7\u00e3o passiva e lavagem de dinheiro no processo do tr\u00edplex de Guaruj\u00e1 (SP).<\/p>\n\n\n\n<p>Posteriormente, o STJ (Superior Tribunal de Justi\u00e7a), que \u00e9 considerado como uma terceira inst\u00e2ncia, manteve a condena\u00e7\u00e3o do petista.<\/p>\n\n\n\n<p>As a\u00e7\u00f5es que ser\u00e3o analisadas nesta semana s\u00e3o de relatoria do ministro Marco Aur\u00e9lio e foram ajuizadas pelo antigo PEN (hoje, Patriotas), pela OAB (Ordem dos Advogados do Brasil) e pelo PC do B.<\/p>\n\n\n\n<p>As duas primeiras foram liberadas para julgamento em plen\u00e1rio pelo relator no final de 2017. Na ocasi\u00e3o, a ent\u00e3o presidente do STF, ministra C\u00e1rmen L\u00facia, evitou pautar seu julgamento, o que gerou cr\u00edticas p\u00fablicas de colegas do tribunal.<br><\/p>\n","protected":false},"excerpt":{"rendered":"<p>(FOLHAPRESS) \u2013 O presidente do Supremo Tribunal Federal, ministro Dias Toffoli, marcou para quinta-feira (17) o julgamento das a\u00e7\u00f5es que discutem a constitucionalidade da pris\u00e3o&hellip; <\/p>\n","protected":false},"author":1,"featured_media":120111,"comment_status":"closed","ping_status":"closed","sticky":false,"template":"","format":"standard","meta":{"sfsi_plus_gutenberg_text_before_share":"","sfsi_plus_gutenberg_show_text_before_share":"","sfsi_plus_gutenberg_icon_type":"","sfsi_plus_gutenberg_icon_alignemt":"","sfsi_plus_gutenburg_max_per_row":"","footnotes":""},"categories":[11],"tags":[],"class_list":["post-126633","post","type-post","status-publish","format-standard","has-post-thumbnail","hentry","category-politica"],"_links":{"self":[{"href":"https:\/\/www.caririemacao.com\/1\/wp-json\/wp\/v2\/posts\/126633","targetHints":{"allow":["GET"]}}],"collection":[{"href":"https:\/\/www.caririemacao.com\/1\/wp-json\/wp\/v2\/posts"}],"about":[{"href":"https:\/\/www.caririemacao.com\/1\/wp-json\/wp\/v2\/types\/post"}],"author":[{"embeddable":true,"href":"https:\/\/www.caririemacao.com\/1\/wp-json\/wp\/v2\/users\/1"}],"replies":[{"embeddable":true,"href":"https:\/\/www.caririemacao.com\/1\/wp-json\/wp\/v2\/comments?post=126633"}],"version-history":[{"count":1,"href":"https:\/\/www.caririemacao.com\/1\/wp-json\/wp\/v2\/posts\/126633\/revisions"}],"predecessor-version":[{"id":126634,"href":"https:\/\/www.caririemacao.com\/1\/wp-json\/wp\/v2\/posts\/126633\/revisions\/126634"}],"wp:featuredmedia":[{"embeddable":true,"href":"https:\/\/www.caririemacao.com\/1\/wp-json\/wp\/v2\/media\/120111"}],"wp:attachment":[{"href":"https:\/\/www.caririemacao.com\/1\/wp-json\/wp\/v2\/media?parent=126633"}],"wp:term":[{"taxonomy":"category","embeddable":true,"href":"https:\/\/www.caririemacao.com\/1\/wp-json\/wp\/v2\/categories?post=126633"},{"taxonomy":"post_tag","embeddable":true,"href":"https:\/\/www.caririemacao.com\/1\/wp-json\/wp\/v2\/tags?post=126633"}],"curies":[{"name":"wp","href":"https:\/\/api.w.org\/{rel}","templated":true}]}}