{"id":126638,"date":"2019-10-14T15:22:04","date_gmt":"2019-10-14T18:22:04","guid":{"rendered":"http:\/\/www.caririemacao.com\/1\/?p=126638"},"modified":"2019-10-14T15:22:04","modified_gmt":"2019-10-14T18:22:04","slug":"sites-do-governo-da-pb-voltam-ao-ar-apos-queda-de-provedor","status":"publish","type":"post","link":"https:\/\/www.caririemacao.com\/1\/2019\/10\/14\/sites-do-governo-da-pb-voltam-ao-ar-apos-queda-de-provedor\/","title":{"rendered":"Sites do governo da PB voltam ao ar ap\u00f3s queda de provedor"},"content":{"rendered":"\n<p>Pelo menos 13 sites do governo da Para\u00edba voltaram ao ar na tarde desta segunda-feira (14), ap\u00f3s apresentaram instabilidade depois da queda de sinal em provedores. Desde o domingo (13) que a Companhia de Processamento de Dados da Para\u00edba (Codata), foi confirmada da intercorr\u00eancia. Os t\u00e9cnicos iniciaram as corre\u00e7\u00f5es por volta das 15h22 de domingo e no fim da manh\u00e3 conseguiram corrigir o problema.<\/p>\n\n\n\n<p>O presidente da Codata, Krol J\u00e2nio,&nbsp;descartou a vers\u00e3o de que os sites do governo da Para\u00edba tinha sido alvo de ataque ou foram invadidos. Segundo ele, o problema foi nos provedores de internet, o que deixou o acessos lento n\u00e3o s\u00f3 na Para\u00edba, mais em v\u00e1rios sites de institui\u00e7\u00f5es p\u00fablicas do pa\u00eds. Ap\u00f3s identificar o problema, a companhia estabilizou o tr\u00e1fego e o acesso aos sites foi normalizado por blocos de IPs.<\/p>\n","protected":false},"excerpt":{"rendered":"<p>Pelo menos 13 sites do governo da Para\u00edba voltaram ao ar na tarde desta segunda-feira (14), ap\u00f3s apresentaram instabilidade depois da queda de sinal em&hellip; <\/p>\n","protected":false},"author":1,"featured_media":126639,"comment_status":"closed","ping_status":"closed","sticky":false,"template":"","format":"standard","meta":{"sfsi_plus_gutenberg_text_before_share":"","sfsi_plus_gutenberg_show_text_before_share":"","sfsi_plus_gutenberg_icon_type":"","sfsi_plus_gutenberg_icon_alignemt":"","sfsi_plus_gutenburg_max_per_row":"","footnotes":""},"categories":[2],"tags":[],"class_list":["post-126638","post","type-post","status-publish","format-standard","has-post-thumbnail","hentry","category-geral"],"_links":{"self":[{"href":"https:\/\/www.caririemacao.com\/1\/wp-json\/wp\/v2\/posts\/126638","targetHints":{"allow":["GET"]}}],"collection":[{"href":"https:\/\/www.caririemacao.com\/1\/wp-json\/wp\/v2\/posts"}],"about":[{"href":"https:\/\/www.caririemacao.com\/1\/wp-json\/wp\/v2\/types\/post"}],"author":[{"embeddable":true,"href":"https:\/\/www.caririemacao.com\/1\/wp-json\/wp\/v2\/users\/1"}],"replies":[{"embeddable":true,"href":"https:\/\/www.caririemacao.com\/1\/wp-json\/wp\/v2\/comments?post=126638"}],"version-history":[{"count":1,"href":"https:\/\/www.caririemacao.com\/1\/wp-json\/wp\/v2\/posts\/126638\/revisions"}],"predecessor-version":[{"id":126640,"href":"https:\/\/www.caririemacao.com\/1\/wp-json\/wp\/v2\/posts\/126638\/revisions\/126640"}],"wp:featuredmedia":[{"embeddable":true,"href":"https:\/\/www.caririemacao.com\/1\/wp-json\/wp\/v2\/media\/126639"}],"wp:attachment":[{"href":"https:\/\/www.caririemacao.com\/1\/wp-json\/wp\/v2\/media?parent=126638"}],"wp:term":[{"taxonomy":"category","embeddable":true,"href":"https:\/\/www.caririemacao.com\/1\/wp-json\/wp\/v2\/categories?post=126638"},{"taxonomy":"post_tag","embeddable":true,"href":"https:\/\/www.caririemacao.com\/1\/wp-json\/wp\/v2\/tags?post=126638"}],"curies":[{"name":"wp","href":"https:\/\/api.w.org\/{rel}","templated":true}]}}