{"id":126641,"date":"2019-10-14T15:25:26","date_gmt":"2019-10-14T18:25:26","guid":{"rendered":"http:\/\/www.caririemacao.com\/1\/?p=126641"},"modified":"2019-10-14T15:25:26","modified_gmt":"2019-10-14T18:25:26","slug":"the-voice-kids-com-vitoria-da-paraibana-eduarda-brasil-e-malhacao-vidas-brasileiras-sao-indicados-ao-emmy-kids-2019","status":"publish","type":"post","link":"https:\/\/www.caririemacao.com\/1\/2019\/10\/14\/the-voice-kids-com-vitoria-da-paraibana-eduarda-brasil-e-malhacao-vidas-brasileiras-sao-indicados-ao-emmy-kids-2019\/","title":{"rendered":"&#8216;The Voice Kids&#8217; com vit\u00f3ria da paraibana Eduarda Brasil e &#8216;Malha\u00e7\u00e3o: Vidas Brasileiras&#8217; s\u00e3o indicados ao Emmy Kids 2019"},"content":{"rendered":"\n<p>A Globo foi indicada em tr\u00eas categorias do Emmy Kids 2019: The Voice Kids concorre pelo melhor Programa de Entretenimento sem Roteiro e Malha\u00e7\u00e3o: Vidas Brasileiras pelas categorias S\u00e9ries e tamb\u00e9m Projeto Digital &#8211; Malha\u00e7\u00e3o Ao Vivo. Os vencedores ser\u00e3o conhecidos em uma cerim\u00f4nia em Cannes, na Fran\u00e7a, no dia 31 de mar\u00e7o de 2020.<\/p>\n\n\n\n<p>Vidas Brasileiras \u00e9 a 26\u00aa temporada de Malha\u00e7\u00e3o, e foi exibida de mar\u00e7o de 2018 at\u00e9 abril deste ano. Esta j\u00e1 \u00e9 a quinta vez que a trama concorre ao Emmy Kids. Ao saber da indica\u00e7\u00e3o, a diretora art\u00edstica Natalia Grimberg celebrou o reconhecimento:<\/p>\n\n\n\n<p>&#8220;Estou muito feliz. Foi um trabalho feito com muito amor, muita dedica\u00e7\u00e3o da equipe inteira, do elenco, da pr\u00f3pria TV Globo, que acreditou no projeto. \u00c9 um projeto que fala de educa\u00e7\u00e3o, da professora. E, na v\u00e9spera do Dia dos Professores, receber essa indica\u00e7\u00e3o \u00e9 maravilhoso.&#8221;<\/p>\n\n\n\n<p>&#8220;A gente ser indicado em duas categorias, primeiro pela qualidade do texto; depois, pelo Digital, que conversava com tudo que a gente falava&#8230; Foi uma jun\u00e7\u00e3o de conte\u00fados com realiza\u00e7\u00e3o, com amor e sempre com pitadas de alegria.&#8221;&nbsp;<\/p>\n\n\n\n<p>Autora da trama, Patr\u00edcia Moretzsohn ressaltou a entrega de toda equipe ao projeto e contou que j\u00e1 se sente premiada. Vale lembrar que, em abril, a temporada Viva a diferen\u00e7a venceu a categoria s\u00e9ries.<\/p>\n\n\n\n<p>&#8220;Essa indica\u00e7\u00e3o dupla tem o tamanho de toda dedica\u00e7\u00e3o ao programa. Acho que \u00e9 muito justa, a gente se dedicou tanto. \u00c9 uma felicidade enorme!&#8221;<\/p>\n\n\n\n<p>&#8220;Em termos t\u00e9cnicos, essa Malha\u00e7\u00e3o, a gente fez diferente, trouxe uma estrutura nova, fez adapta\u00e7\u00e3o dessa estrutura canadense dando nosso ar brasileiro. \u00c9 muito gratificante ser reconhecido nesse novo formato. S\u00f3 posso agradecer a todos os envolvidos. Foi muita gente, muitos profissionais, muitas participa\u00e7\u00f5es. E cada um que entrou, entrou com muito carinho e se dedicou extremamente ao projeto. T\u00f4 muito feliz e orgulhosa. J\u00e1 me sinto premiada por esse reconhecimento.&#8221;<\/p>\n\n\n\n<p>Outro programa de sucesso, o The Voice Kids, que tem dire\u00e7\u00e3o art\u00edstica de Creso Eduardo Macedo e dire\u00e7\u00e3o geral de Flavio Goldemberg, concorre pela categoria Melhor Programa de Entretenimento sem Roteiro. Essa \u00e9 a terceira indica\u00e7\u00e3o do reality \u00e0 premia\u00e7\u00e3o.<\/p>\n\n\n\n<p>A temporada que concorre ao pr\u00eamio foi ao ar em 2018 e marcou a estreia de Claudia Leitte e da dupla Simone &amp; Simaria no time de t\u00e9cnicos, que tem ainda Carlinhos Brown. Andr\u00e9 Marques e Thalita Rebou\u00e7as completavam o elenco da atra\u00e7\u00e3o, que teve candidatos entre 9 e 15 anos e coroou a paraibana Eduarda Brasil, representante do Time Simone &amp; Simaria, como campe\u00e3.<\/p>\n\n\n\n<p>Ao Gshow, Flavio Goldemberg falou sobre o programa ser indicado pelo terceiro ano consecutivo:<\/p>\n\n\n\n<p>&#8220;O &#8216;Kids&#8217; \u00e9 uma onda constante de emo\u00e7\u00e3o e divers\u00e3o. Nosso principal desejo \u00e9 realizar sonhos e poder proporcionar aos jovens um momento \u00fanico. Essa \u00e9 a nossa terceira indica\u00e7\u00e3o, que muito nos orgulha e que \u00e9 resultado direto do trabalho de uma equipe dedicada e comprometida e que tenho o maior orgulho em trabalhar.&#8221;<\/p>\n\n\n\n<p>Um dos t\u00e9cnicos do reality, Carlinhos Brown est\u00e1 na torcida para a premia\u00e7\u00e3o:&nbsp;<\/p>\n\n\n\n<p>\u201cPura felicidade e agradecimento a esse time positivo que nas tardes de domingo leva entretenimento, educa\u00e7\u00e3o e sentimentos dos quais n\u00e3o temos nem como explicar. O The Voice Kids \u00e9 uma catarse emocional de pura positividade, merece essa indica\u00e7\u00e3o ao Emmy, e que todos n\u00f3s sejamos agraciados porque essa turma do bem merece. Um beijo a todos e boa sorte!\u201d<\/p>\n","protected":false},"excerpt":{"rendered":"<p>A Globo foi indicada em tr\u00eas categorias do Emmy Kids 2019: The Voice Kids concorre pelo melhor Programa de Entretenimento sem Roteiro e Malha\u00e7\u00e3o: Vidas&hellip; <\/p>\n","protected":false},"author":1,"featured_media":126642,"comment_status":"closed","ping_status":"closed","sticky":false,"template":"","format":"standard","meta":{"sfsi_plus_gutenberg_text_before_share":"","sfsi_plus_gutenberg_show_text_before_share":"","sfsi_plus_gutenberg_icon_type":"","sfsi_plus_gutenberg_icon_alignemt":"","sfsi_plus_gutenburg_max_per_row":"","footnotes":""},"categories":[2],"tags":[],"class_list":["post-126641","post","type-post","status-publish","format-standard","has-post-thumbnail","hentry","category-geral"],"_links":{"self":[{"href":"https:\/\/www.caririemacao.com\/1\/wp-json\/wp\/v2\/posts\/126641","targetHints":{"allow":["GET"]}}],"collection":[{"href":"https:\/\/www.caririemacao.com\/1\/wp-json\/wp\/v2\/posts"}],"about":[{"href":"https:\/\/www.caririemacao.com\/1\/wp-json\/wp\/v2\/types\/post"}],"author":[{"embeddable":true,"href":"https:\/\/www.caririemacao.com\/1\/wp-json\/wp\/v2\/users\/1"}],"replies":[{"embeddable":true,"href":"https:\/\/www.caririemacao.com\/1\/wp-json\/wp\/v2\/comments?post=126641"}],"version-history":[{"count":1,"href":"https:\/\/www.caririemacao.com\/1\/wp-json\/wp\/v2\/posts\/126641\/revisions"}],"predecessor-version":[{"id":126643,"href":"https:\/\/www.caririemacao.com\/1\/wp-json\/wp\/v2\/posts\/126641\/revisions\/126643"}],"wp:featuredmedia":[{"embeddable":true,"href":"https:\/\/www.caririemacao.com\/1\/wp-json\/wp\/v2\/media\/126642"}],"wp:attachment":[{"href":"https:\/\/www.caririemacao.com\/1\/wp-json\/wp\/v2\/media?parent=126641"}],"wp:term":[{"taxonomy":"category","embeddable":true,"href":"https:\/\/www.caririemacao.com\/1\/wp-json\/wp\/v2\/categories?post=126641"},{"taxonomy":"post_tag","embeddable":true,"href":"https:\/\/www.caririemacao.com\/1\/wp-json\/wp\/v2\/tags?post=126641"}],"curies":[{"name":"wp","href":"https:\/\/api.w.org\/{rel}","templated":true}]}}