{"id":126644,"date":"2019-10-14T15:26:14","date_gmt":"2019-10-14T18:26:14","guid":{"rendered":"http:\/\/www.caririemacao.com\/1\/?p=126644"},"modified":"2019-10-14T15:26:14","modified_gmt":"2019-10-14T18:26:14","slug":"supremo-retoma-discussao-sobre-possiveis-candidaturas-sem-partido","status":"publish","type":"post","link":"https:\/\/www.caririemacao.com\/1\/2019\/10\/14\/supremo-retoma-discussao-sobre-possiveis-candidaturas-sem-partido\/","title":{"rendered":"Supremo retoma discuss\u00e3o sobre poss\u00edveis candidaturas sem partido"},"content":{"rendered":"\n<p>Dois anos ap\u00f3s ter discutido o tema em plen\u00e1rio, o Supremo Tribunal Federal (STF) volta a colocar em pauta a possibilidade de autorizar candidaturas independentes, ou seja, sem a necessidade de filia\u00e7\u00e3o a um partido. Agora, o assunto ser\u00e1 debatido por meio de uma audi\u00eancia p\u00fablica.<\/p>\n\n\n\n<p>A audi\u00eancia foi marcada para 9 de dezembro pelo ministro Lu\u00eds Roberto Barroso, relator do recurso de um postulante a prefeito do Rio de Janeiro que teve sua candidatura negada pela Justi\u00e7a Eleitoral nas elei\u00e7\u00f5es de 2016. Especialistas e entidades podem procurar o Supremo e se inscrever at\u00e9 1\u00ba de novembro para participar como expositores.<\/p>\n\n\n\n<p>O caso foi discutido em plen\u00e1rio em outubro de 2017, quando os ministros aprovaram a repercuss\u00e3o geral do assunto. A decis\u00e3o abriu uma brecha para que o Supremo possa considerar constitucional as candidaturas sem partido, estabelecendo uma tese que autorize os tribunais eleitorais a deferirem os registros de candidatura.<\/p>\n\n\n\n<p>A quest\u00e3o de fundo est\u00e1 em saber se o STF pode interpretar a Constitui\u00e7\u00e3o, que prev\u00ea a filia\u00e7\u00e3o partid\u00e1ria como condi\u00e7\u00e3o para a elegibilidade, de acordo com conven\u00e7\u00f5es internacionais das quais o Brasil \u00e9 signat\u00e1rio, como o Pacto de San Jos\u00e9 da Costa Rica, que n\u00e3o prev\u00ea a necessidade de filia\u00e7\u00e3o partid\u00e1ria para o pleno exerc\u00edcio de direitos pol\u00edticos.<\/p>\n\n\n\n<p>Com pareceres jur\u00eddicos contr\u00e1rios \u00e0s candidaturas avulsas emitidos pelo Tribunal Superior Eleitoral, o assunto ficou fora da pauta do Supremo em 2018, ano de elei\u00e7\u00f5es majorit\u00e1rias, mas volta agora aos holofotes a tempo para o registro de candidaturas para as elei\u00e7\u00f5es municipais de 2020, cujo prazo deve ser aberto em junho do ano que vem.<\/p>\n\n\n\n<p>Entre os t\u00f3picos a serem debatidos, Barroso elencou: os aspectos positivos e negativos da ado\u00e7\u00e3o de candidaturas avulsas; os impactos da ado\u00e7\u00e3o de tais candidaturas sobre o princ\u00edpio da igualdade de chances, sobre o sistema partid\u00e1rio e sobre o regime democr\u00e1tico; as dificuldades pr\u00e1ticas, normativas, pol\u00edticas ou de qualquer outra ordem relacionadas \u00e0 implementa\u00e7\u00e3o das candidaturas avulsas.<\/p>\n\n\n\n<p>\u201cTais quest\u00f5es extrapolam os limites do estritamente jur\u00eddico, demandando conhecimento interdisciplinar a respeito de aspectos pol\u00edticos, eleitorais e administrativos relacionados \u00e0 mat\u00e9ria\u201d, escreveu Barroso no despacho em que marcou a audi\u00eancia p\u00fablica.<\/p>\n\n\n\n<p>Apesar do assunto receber o impulso de Barroso no Supremo, qualquer decis\u00e3o sobre o tema depende de que o caso seja inclu\u00eddo na pauta de julgamentos do plen\u00e1rio, o que n\u00e3o tem previs\u00e3o para acontecer. A agenda de discuss\u00e3o \u00e9 organizada pelo presidente do Supremo, atualmente o ministro Dias Toffoli.<\/p>\n\n\n\n<p>O debate em plen\u00e1rio de um recurso sobre candidaturas avulsas n\u00e3o tem a simpatia de todos os ministros do Supremo. Quando o assunto foi levado a julgamento pela primeira vez, em 2017, quatro ministros votaram contra o pleno analisar o tema por essa via: Gilmar Mendes, Alexandre de Moraes, Ricardo Lewandowski e Marco Aur\u00e9lio Mello.&nbsp;&nbsp;<br><\/p>\n","protected":false},"excerpt":{"rendered":"<p>Dois anos ap\u00f3s ter discutido o tema em plen\u00e1rio, o Supremo Tribunal Federal (STF) volta a colocar em pauta a possibilidade de autorizar candidaturas independentes,&hellip; <\/p>\n","protected":false},"author":1,"featured_media":99852,"comment_status":"closed","ping_status":"closed","sticky":false,"template":"","format":"standard","meta":{"sfsi_plus_gutenberg_text_before_share":"","sfsi_plus_gutenberg_show_text_before_share":"","sfsi_plus_gutenberg_icon_type":"","sfsi_plus_gutenberg_icon_alignemt":"","sfsi_plus_gutenburg_max_per_row":"","footnotes":""},"categories":[11],"tags":[],"class_list":["post-126644","post","type-post","status-publish","format-standard","has-post-thumbnail","hentry","category-politica"],"_links":{"self":[{"href":"https:\/\/www.caririemacao.com\/1\/wp-json\/wp\/v2\/posts\/126644","targetHints":{"allow":["GET"]}}],"collection":[{"href":"https:\/\/www.caririemacao.com\/1\/wp-json\/wp\/v2\/posts"}],"about":[{"href":"https:\/\/www.caririemacao.com\/1\/wp-json\/wp\/v2\/types\/post"}],"author":[{"embeddable":true,"href":"https:\/\/www.caririemacao.com\/1\/wp-json\/wp\/v2\/users\/1"}],"replies":[{"embeddable":true,"href":"https:\/\/www.caririemacao.com\/1\/wp-json\/wp\/v2\/comments?post=126644"}],"version-history":[{"count":1,"href":"https:\/\/www.caririemacao.com\/1\/wp-json\/wp\/v2\/posts\/126644\/revisions"}],"predecessor-version":[{"id":126645,"href":"https:\/\/www.caririemacao.com\/1\/wp-json\/wp\/v2\/posts\/126644\/revisions\/126645"}],"wp:featuredmedia":[{"embeddable":true,"href":"https:\/\/www.caririemacao.com\/1\/wp-json\/wp\/v2\/media\/99852"}],"wp:attachment":[{"href":"https:\/\/www.caririemacao.com\/1\/wp-json\/wp\/v2\/media?parent=126644"}],"wp:term":[{"taxonomy":"category","embeddable":true,"href":"https:\/\/www.caririemacao.com\/1\/wp-json\/wp\/v2\/categories?post=126644"},{"taxonomy":"post_tag","embeddable":true,"href":"https:\/\/www.caririemacao.com\/1\/wp-json\/wp\/v2\/tags?post=126644"}],"curies":[{"name":"wp","href":"https:\/\/api.w.org\/{rel}","templated":true}]}}