{"id":126646,"date":"2019-10-14T15:27:14","date_gmt":"2019-10-14T18:27:14","guid":{"rendered":"http:\/\/www.caririemacao.com\/1\/?p=126646"},"modified":"2019-10-14T15:27:14","modified_gmt":"2019-10-14T18:27:14","slug":"neymar-ficara-fora-dos-gramados-por-quatro-semanas-apos-lesao-com-a-selecao","status":"publish","type":"post","link":"https:\/\/www.caririemacao.com\/1\/2019\/10\/14\/neymar-ficara-fora-dos-gramados-por-quatro-semanas-apos-lesao-com-a-selecao\/","title":{"rendered":"Neymar ficar\u00e1 fora dos gramados por quatro semanas ap\u00f3s les\u00e3o com a sele\u00e7\u00e3o"},"content":{"rendered":"\n<p>(UOL\/FOLHAPRESS) &#8211; O PSG confirmou que Neymar ficar\u00e1 afastado dos gramados por quatro semanas. O atacante sofreu uma les\u00e3o de grau dois na coxa esquerda durante a partida da sele\u00e7\u00e3o brasileira contra a Nig\u00e9ria, no domingo (13), em Cingapura. Ele passou por uma resson\u00e2ncia magn\u00e9tica em Paris, na Fran\u00e7a, e j\u00e1 come\u00e7ou o tratamento de recupera\u00e7\u00e3o.<br><\/p>\n\n\n\n<p>&#8220;Neymar fez uma resson\u00e2ncia magn\u00e9tica esta tarde confirmando uma les\u00e3o de grau 2 dos \u00edsquios b\u00edceps femorais nos isquiotibiais esquerdos. Um ponto m\u00e9dico sobre a evolu\u00e7\u00e3o ser\u00e1 refeito em oito dias. Mas o tempo para retornar \u00e0 conclus\u00e3o \u00e9 avaliado em quatro semanas, dependendo da evolu\u00e7\u00e3o&#8221;, escreveu o PSG em um comunicado oficial.<\/p>\n\n\n\n<p>Neymar ficou pouco mais de dez minutos em campo contra a Nig\u00e9ria. Depois de dar uma arrancada, ele sentiu a coxa esquerda e foi substitu\u00eddo por Philippe Coutinho.<\/p>\n\n\n\n<p>Caso se confirme o per\u00edodo de quatro semanas fora dos gramados, Neymar dever\u00e1 perder duas rodadas da fase de grupos da Liga dos Campe\u00f5es, ambas contra o Club Brugge. O duelo seguinte, diante do Real Madrid, ser\u00e1 apenas no dia 26 de novembro.<\/p>\n","protected":false},"excerpt":{"rendered":"<p>(UOL\/FOLHAPRESS) &#8211; O PSG confirmou que Neymar ficar\u00e1 afastado dos gramados por quatro semanas. O atacante sofreu uma les\u00e3o de grau dois na coxa esquerda&hellip; <\/p>\n","protected":false},"author":1,"featured_media":126647,"comment_status":"closed","ping_status":"closed","sticky":false,"template":"","format":"standard","meta":{"sfsi_plus_gutenberg_text_before_share":"","sfsi_plus_gutenberg_show_text_before_share":"","sfsi_plus_gutenberg_icon_type":"","sfsi_plus_gutenberg_icon_alignemt":"","sfsi_plus_gutenburg_max_per_row":"","footnotes":""},"categories":[13],"tags":[],"class_list":["post-126646","post","type-post","status-publish","format-standard","has-post-thumbnail","hentry","category-esportes"],"_links":{"self":[{"href":"https:\/\/www.caririemacao.com\/1\/wp-json\/wp\/v2\/posts\/126646","targetHints":{"allow":["GET"]}}],"collection":[{"href":"https:\/\/www.caririemacao.com\/1\/wp-json\/wp\/v2\/posts"}],"about":[{"href":"https:\/\/www.caririemacao.com\/1\/wp-json\/wp\/v2\/types\/post"}],"author":[{"embeddable":true,"href":"https:\/\/www.caririemacao.com\/1\/wp-json\/wp\/v2\/users\/1"}],"replies":[{"embeddable":true,"href":"https:\/\/www.caririemacao.com\/1\/wp-json\/wp\/v2\/comments?post=126646"}],"version-history":[{"count":1,"href":"https:\/\/www.caririemacao.com\/1\/wp-json\/wp\/v2\/posts\/126646\/revisions"}],"predecessor-version":[{"id":126648,"href":"https:\/\/www.caririemacao.com\/1\/wp-json\/wp\/v2\/posts\/126646\/revisions\/126648"}],"wp:featuredmedia":[{"embeddable":true,"href":"https:\/\/www.caririemacao.com\/1\/wp-json\/wp\/v2\/media\/126647"}],"wp:attachment":[{"href":"https:\/\/www.caririemacao.com\/1\/wp-json\/wp\/v2\/media?parent=126646"}],"wp:term":[{"taxonomy":"category","embeddable":true,"href":"https:\/\/www.caririemacao.com\/1\/wp-json\/wp\/v2\/categories?post=126646"},{"taxonomy":"post_tag","embeddable":true,"href":"https:\/\/www.caririemacao.com\/1\/wp-json\/wp\/v2\/tags?post=126646"}],"curies":[{"name":"wp","href":"https:\/\/api.w.org\/{rel}","templated":true}]}}