{"id":126649,"date":"2019-10-14T15:28:24","date_gmt":"2019-10-14T18:28:24","guid":{"rendered":"http:\/\/www.caririemacao.com\/1\/?p=126649"},"modified":"2019-10-14T15:28:24","modified_gmt":"2019-10-14T18:28:24","slug":"nova-sede-da-promotoria-de-justica-de-monteiro-sera-inaugurada-nesta-terca-feira","status":"publish","type":"post","link":"https:\/\/www.caririemacao.com\/1\/2019\/10\/14\/nova-sede-da-promotoria-de-justica-de-monteiro-sera-inaugurada-nesta-terca-feira\/","title":{"rendered":"Nova sede da Promotoria de Justi\u00e7a de Monteiro ser\u00e1 inaugurada nesta ter\u00e7a-feira"},"content":{"rendered":"\n<p>O Minist\u00e9rio P\u00fablico da Para\u00edba (MPPB) inaugura, nestas ter\u00e7a-feira, o novo pr\u00e9dio da Promotoria de Justi\u00e7a de Monteiro, no Cariri paraibano. Na quarta-feira ainda ser\u00e1 entregue a nova sede do munic\u00edpio de Queimadas, e com essas, o MPPB completa um total de cinco novas sedes entregues este ano.<\/p>\n\n\n\n<p>As obras de reforma e amplia\u00e7\u00e3o dos pr\u00e9dios garantem mais condi\u00e7\u00f5es de trabalho aos membros e aos servidores da institui\u00e7\u00e3o e, consequentemente, oferecem um atendimento melhor aos cidad\u00e3os que recorrem \u00e0s unidades ministeriais, em busca da efetiva\u00e7\u00e3o dos seus direitos.<\/p>\n\n\n\n<p>O pr\u00e9dio da Promotoria de Monteiro \u2013 localizado na Rua Gilverson de Ara\u00fajo Cordeiro, 97, Centro \u2013 \u00e9 pr\u00f3prio e passou por obras de reforma e amplia\u00e7\u00e3o para atender a atual demanda do MPPB, na regi\u00e3o. Com uma \u00e1rea constru\u00edda de 341,9 m2, a promotoria atende aos habitantes das cidades de Monteiro, Camala\u00fa, S\u00e3o Jo\u00e3o do Tigre, S\u00e3o Sebasti\u00e3o do Umbuzeiro e Zabel\u00ea.<\/p>\n\n\n\n<p>A obra ser\u00e1 entregue pelo procurador-geral de Justi\u00e7a, Francisco Ser\u00e1phico Ferraz da N\u00f3brega Filho, \u00e0s 11h, desta ter\u00e7a-feira (15\/10), em solenidade com a presen\u00e7a de membros e servidores da institui\u00e7\u00e3o, autoridades locais e da popula\u00e7\u00e3o.<\/p>\n\n\n\n<p>A Prefeita do Munic\u00edpio, Anna Lorena, confirmou sua presen\u00e7a na inaugura\u00e7\u00e3o, juntamente com auxiliares e vereadores.<\/p>\n\n\n\n<p><strong>Interesse p\u00fablico<\/strong><\/p>\n\n\n\n<p>O procurador-geral de Justi\u00e7a tem sempre destacado o esfor\u00e7o, apesar das dificuldades or\u00e7ament\u00e1rias, para melhorar a estrutura dos \u00f3rg\u00e3os ministeriais, sempre visando atender ao principal objetivo da institui\u00e7\u00e3o, que \u00e9 o interesse p\u00fablico. Ali\u00e1s, essa \u00e9 uma meta estabelecida ainda em outubro de 2017, quando a PGJ determinou a realiza\u00e7\u00e3o de um diagn\u00f3stico da situa\u00e7\u00e3o de todas as promotorias de Justi\u00e7a do Estado, estabelecendo prioridades. Este ano, foram inaugurados os pr\u00e9dios das promotorias de Mari, Queimadas e Santa Luzia.<\/p>\n\n\n\n<p>Os projetos de engenharia e arquitetura atendem \u00e0s normas de acessibilidade e \u00e0s mudan\u00e7as introduzidas pela nova Lei do Quadro dos Membros, que entrou em vigor em janeiro de 2019. As novas sedes contam com gabinetes para promotores de Justi\u00e7a, sala de reuni\u00f5es, banheiros para o p\u00fablico adequados \u00e0s pessoas com defici\u00eancia, sala para arquivo, audit\u00f3rio, sala para assessores e estagi\u00e1rios, recep\u00e7\u00e3o para atendimento aos cidad\u00e3os, sala de not\u00edcia de fato e de rack, \u00e1rea de servi\u00e7o, copa e estacionamento.<\/p>\n","protected":false},"excerpt":{"rendered":"<p>O Minist\u00e9rio P\u00fablico da Para\u00edba (MPPB) inaugura, nestas ter\u00e7a-feira, o novo pr\u00e9dio da Promotoria de Justi\u00e7a de Monteiro, no Cariri paraibano. Na quarta-feira ainda ser\u00e1&hellip; <\/p>\n","protected":false},"author":1,"featured_media":126650,"comment_status":"closed","ping_status":"closed","sticky":false,"template":"","format":"standard","meta":{"sfsi_plus_gutenberg_text_before_share":"","sfsi_plus_gutenberg_show_text_before_share":"","sfsi_plus_gutenberg_icon_type":"","sfsi_plus_gutenberg_icon_alignemt":"","sfsi_plus_gutenburg_max_per_row":"","footnotes":""},"categories":[6],"tags":[],"class_list":["post-126649","post","type-post","status-publish","format-standard","has-post-thumbnail","hentry","category-cidades"],"_links":{"self":[{"href":"https:\/\/www.caririemacao.com\/1\/wp-json\/wp\/v2\/posts\/126649","targetHints":{"allow":["GET"]}}],"collection":[{"href":"https:\/\/www.caririemacao.com\/1\/wp-json\/wp\/v2\/posts"}],"about":[{"href":"https:\/\/www.caririemacao.com\/1\/wp-json\/wp\/v2\/types\/post"}],"author":[{"embeddable":true,"href":"https:\/\/www.caririemacao.com\/1\/wp-json\/wp\/v2\/users\/1"}],"replies":[{"embeddable":true,"href":"https:\/\/www.caririemacao.com\/1\/wp-json\/wp\/v2\/comments?post=126649"}],"version-history":[{"count":1,"href":"https:\/\/www.caririemacao.com\/1\/wp-json\/wp\/v2\/posts\/126649\/revisions"}],"predecessor-version":[{"id":126651,"href":"https:\/\/www.caririemacao.com\/1\/wp-json\/wp\/v2\/posts\/126649\/revisions\/126651"}],"wp:featuredmedia":[{"embeddable":true,"href":"https:\/\/www.caririemacao.com\/1\/wp-json\/wp\/v2\/media\/126650"}],"wp:attachment":[{"href":"https:\/\/www.caririemacao.com\/1\/wp-json\/wp\/v2\/media?parent=126649"}],"wp:term":[{"taxonomy":"category","embeddable":true,"href":"https:\/\/www.caririemacao.com\/1\/wp-json\/wp\/v2\/categories?post=126649"},{"taxonomy":"post_tag","embeddable":true,"href":"https:\/\/www.caririemacao.com\/1\/wp-json\/wp\/v2\/tags?post=126649"}],"curies":[{"name":"wp","href":"https:\/\/api.w.org\/{rel}","templated":true}]}}