{"id":126652,"date":"2019-10-14T15:29:43","date_gmt":"2019-10-14T18:29:43","guid":{"rendered":"http:\/\/www.caririemacao.com\/1\/?p=126652"},"modified":"2019-10-14T15:29:43","modified_gmt":"2019-10-14T18:29:43","slug":"super-herois-invadem-monteiro-e-fazem-a-alegria-na-festa-do-dia-das-criancas","status":"publish","type":"post","link":"https:\/\/www.caririemacao.com\/1\/2019\/10\/14\/super-herois-invadem-monteiro-e-fazem-a-alegria-na-festa-do-dia-das-criancas\/","title":{"rendered":"Super-her\u00f3is invadem Monteiro e fazem a alegria na festa do Dia das Crian\u00e7as"},"content":{"rendered":"\n<p>\n\nMais de 5 mil crian\u00e7as participaram de uma grande festa organizada pela Secretaria de Desenvolvimento Social no \u00faltimo s\u00e1bado, 12, na Esta\u00e7\u00e3o da M\u00fasica.Recepcionados com toda alegria da equipe, o Dia das Crian\u00e7as j\u00e1 come\u00e7ou com a entrega das sacolinhas que continham guloseimas e lanches. A banda de Super-her\u00f3is colocou mam\u00e3es, papais e a crian\u00e7ada pra cantar e dan\u00e7ar.A Prefeita Anna Lorena tamb\u00e9m pulou e entrou na dan\u00e7a e juntamente com as brincadeiras, sorteou diversas bicicletas. Al\u00e9m do sorteio, os Alunos Nota 10 tamb\u00e9m receberam seus brindes.<\/p>\n\n\n\n<div class=\"wp-block-image\"><figure class=\"alignleft\"><img decoding=\"async\" data-src=\"https:\/\/i0.wp.com\/www.vitrinedocariri.com.br\/wp-content\/uploads\/2019\/10\/Super-her%C3%B3is-invadem-Monteiro-e-fazem-a-alegria-na-festa-do-Dia-das-Crian%C3%A7as-5.jpeg?resize=300%2C200&amp;ssl=1\" alt=\"\" class=\"wp-image-55240 lazyload\" src=\"data:image\/svg+xml;base64,PHN2ZyB3aWR0aD0iMSIgaGVpZ2h0PSIxIiB4bWxucz0iaHR0cDovL3d3dy53My5vcmcvMjAwMC9zdmciPjwvc3ZnPg==\" \/><\/figure><\/div>\n\n\n\n<p>Mas a divers\u00e3o n\u00e3o parou por a\u00ed, entre pula-pulas e castelinhos a garotada ganhou picol\u00e9, algod\u00e3o doce e outros lanches para repor as energias gastas em um dia dedicado especialmente para as crian\u00e7as.\u201cTrouxe meus tr\u00eas filhos pra brincar. Aqui \u00e9 muito bom, tem muitas tias e tios cuidando das crian\u00e7as e isso \u00e9 bom porque fico tranquila e feliz porque eles tamb\u00e9m est\u00e3o felizes. A surpresa j\u00e1 foi grande com tudo que tem na sacolinha.Eu estou t\u00e3o feliz\u201d, conta a senhora Maria Jos\u00e9, av\u00f3 de tr\u00eas alunos da Rede Municipal de Ensino.<\/p>\n\n\n\n<div class=\"wp-block-image\"><figure class=\"alignleft\"><img decoding=\"async\" data-src=\"https:\/\/i1.wp.com\/www.vitrinedocariri.com.br\/wp-content\/uploads\/2019\/10\/Super-her%C3%B3is-invadem-Monteiro-e-fazem-a-alegria-na-festa-do-Dia-das-Crian%C3%A7as-8.jpeg?resize=300%2C200&amp;ssl=1\" alt=\"\" class=\"wp-image-55241 lazyload\" src=\"data:image\/svg+xml;base64,PHN2ZyB3aWR0aD0iMSIgaGVpZ2h0PSIxIiB4bWxucz0iaHR0cDovL3d3dy53My5vcmcvMjAwMC9zdmciPjwvc3ZnPg==\" \/><\/figure><\/div>\n\n\n\n<p>Ainda na comemora\u00e7\u00e3o houveram musicais como A Bela e a Fera, al\u00e9m de uma aula de dan\u00e7a que colocou sorrisos em adultos e crian\u00e7as.\u201cMais um ano com a miss\u00e3o cumprida de levar uma bela festa, alegria e brincadeiras para as nossas crian\u00e7as. Buscamos a seguran\u00e7a do local para que os papais tamb\u00e9m possam aproveitar sabendo que seus filhos est\u00e3o seguros e com uma enorme equipe cuidando de tudo e todos. Meus agradecimentos \u00e0 equipe, aos papais e a crian\u00e7ada, que claro, fez desta mais uma festa linda e muito divertida\u201d, conta a prefeita Anna Lorena.\n\n<\/p>\n","protected":false},"excerpt":{"rendered":"<p>Mais de 5 mil crian\u00e7as participaram de uma grande festa organizada pela Secretaria de Desenvolvimento Social no \u00faltimo s\u00e1bado, 12, na Esta\u00e7\u00e3o da M\u00fasica.Recepcionados com&hellip; <\/p>\n","protected":false},"author":1,"featured_media":126653,"comment_status":"closed","ping_status":"closed","sticky":false,"template":"","format":"standard","meta":{"sfsi_plus_gutenberg_text_before_share":"","sfsi_plus_gutenberg_show_text_before_share":"","sfsi_plus_gutenberg_icon_type":"","sfsi_plus_gutenberg_icon_alignemt":"","sfsi_plus_gutenburg_max_per_row":"","footnotes":""},"categories":[6],"tags":[],"class_list":["post-126652","post","type-post","status-publish","format-standard","has-post-thumbnail","hentry","category-cidades"],"_links":{"self":[{"href":"https:\/\/www.caririemacao.com\/1\/wp-json\/wp\/v2\/posts\/126652","targetHints":{"allow":["GET"]}}],"collection":[{"href":"https:\/\/www.caririemacao.com\/1\/wp-json\/wp\/v2\/posts"}],"about":[{"href":"https:\/\/www.caririemacao.com\/1\/wp-json\/wp\/v2\/types\/post"}],"author":[{"embeddable":true,"href":"https:\/\/www.caririemacao.com\/1\/wp-json\/wp\/v2\/users\/1"}],"replies":[{"embeddable":true,"href":"https:\/\/www.caririemacao.com\/1\/wp-json\/wp\/v2\/comments?post=126652"}],"version-history":[{"count":1,"href":"https:\/\/www.caririemacao.com\/1\/wp-json\/wp\/v2\/posts\/126652\/revisions"}],"predecessor-version":[{"id":126654,"href":"https:\/\/www.caririemacao.com\/1\/wp-json\/wp\/v2\/posts\/126652\/revisions\/126654"}],"wp:featuredmedia":[{"embeddable":true,"href":"https:\/\/www.caririemacao.com\/1\/wp-json\/wp\/v2\/media\/126653"}],"wp:attachment":[{"href":"https:\/\/www.caririemacao.com\/1\/wp-json\/wp\/v2\/media?parent=126652"}],"wp:term":[{"taxonomy":"category","embeddable":true,"href":"https:\/\/www.caririemacao.com\/1\/wp-json\/wp\/v2\/categories?post=126652"},{"taxonomy":"post_tag","embeddable":true,"href":"https:\/\/www.caririemacao.com\/1\/wp-json\/wp\/v2\/tags?post=126652"}],"curies":[{"name":"wp","href":"https:\/\/api.w.org\/{rel}","templated":true}]}}