{"id":126655,"date":"2019-10-14T15:34:21","date_gmt":"2019-10-14T18:34:21","guid":{"rendered":"http:\/\/www.caririemacao.com\/1\/?p=126655"},"modified":"2019-10-14T15:34:21","modified_gmt":"2019-10-14T18:34:21","slug":"monteiro-acao-social-realizara-curso-de-formacao-para-conselheiros-tutelares","status":"publish","type":"post","link":"https:\/\/www.caririemacao.com\/1\/2019\/10\/14\/monteiro-acao-social-realizara-curso-de-formacao-para-conselheiros-tutelares\/","title":{"rendered":"MONTEIRO: A\u00e7\u00e3o Social realizar\u00e1 Curso de Forma\u00e7\u00e3o para conselheiros tutelares"},"content":{"rendered":"\n<p>A Secretaria de A\u00e7\u00e3o e Desenvolvimento Social de Monteiro, realizar\u00e1 no dia 12 de novembro, das 13:00h as 17:00h, a 1\u00aa etapa do processo de forma\u00e7\u00e3o e capacita\u00e7\u00e3o dos conselheiros tutelares eleitos no \u00faltimo domingo (06\/10).<\/p>\n\n\n\n<p>A capacita\u00e7\u00e3o ser\u00e1 destinada aos conselheiros eleitos, aos reeleitos, os cinco suplentes e ser\u00e1 ministrado pelos facilitadores Silvania Mayer \u2013 Assistente Social, &nbsp;com o tema \u201cO Papel do conselheiro de acordo com a legisla\u00e7\u00e3o atual\u201d e por Cristiano Rufino da Silva \u2013 Assistente Social e Presidente do Conselho Municipal de Defesa dos Direitos da Crian\u00e7a e Adolescente, com o tema \u201cCMDCA e o Conselho Tutelar\u201d.<\/p>\n\n\n\n<p>A secret\u00e1ria Rosa Aleixo, afirmou que, at\u00e9 o dia da posse, os participantes estar\u00e3o cada vez mais qualificados para, al\u00e9m de responder a simples questionamentos, tamb\u00e9m possam atuar nas ocorr\u00eancias, a exemplo de: &nbsp;Quais s\u00e3o as atribui\u00e7\u00f5es dos conselhos tutelares?; Qual a import\u00e2ncia do Conselho Tutelar para a sociedade?; Como fazer uma den\u00fancia ao Conselho Tutelar?; Quais os direitos e deveres de um conselheiro tutelar?; e outros temas que ser\u00e3o abordados durante a capacita\u00e7\u00e3o<\/p>\n\n\n\n<p>Num segundo momento, ser\u00e1 realizada mais uma capacita\u00e7\u00e3o, em conv\u00eanio com o Conselho Estadual da Crian\u00e7a e do Adolescente, em data ainda a ser confirmada pela secretaria estadual.<\/p>\n","protected":false},"excerpt":{"rendered":"<p>A Secretaria de A\u00e7\u00e3o e Desenvolvimento Social de Monteiro, realizar\u00e1 no dia 12 de novembro, das 13:00h as 17:00h, a 1\u00aa etapa do processo de&hellip; <\/p>\n","protected":false},"author":1,"featured_media":126656,"comment_status":"closed","ping_status":"closed","sticky":false,"template":"","format":"standard","meta":{"sfsi_plus_gutenberg_text_before_share":"","sfsi_plus_gutenberg_show_text_before_share":"","sfsi_plus_gutenberg_icon_type":"","sfsi_plus_gutenberg_icon_alignemt":"","sfsi_plus_gutenburg_max_per_row":"","footnotes":""},"categories":[6],"tags":[],"class_list":["post-126655","post","type-post","status-publish","format-standard","has-post-thumbnail","hentry","category-cidades"],"_links":{"self":[{"href":"https:\/\/www.caririemacao.com\/1\/wp-json\/wp\/v2\/posts\/126655","targetHints":{"allow":["GET"]}}],"collection":[{"href":"https:\/\/www.caririemacao.com\/1\/wp-json\/wp\/v2\/posts"}],"about":[{"href":"https:\/\/www.caririemacao.com\/1\/wp-json\/wp\/v2\/types\/post"}],"author":[{"embeddable":true,"href":"https:\/\/www.caririemacao.com\/1\/wp-json\/wp\/v2\/users\/1"}],"replies":[{"embeddable":true,"href":"https:\/\/www.caririemacao.com\/1\/wp-json\/wp\/v2\/comments?post=126655"}],"version-history":[{"count":1,"href":"https:\/\/www.caririemacao.com\/1\/wp-json\/wp\/v2\/posts\/126655\/revisions"}],"predecessor-version":[{"id":126657,"href":"https:\/\/www.caririemacao.com\/1\/wp-json\/wp\/v2\/posts\/126655\/revisions\/126657"}],"wp:featuredmedia":[{"embeddable":true,"href":"https:\/\/www.caririemacao.com\/1\/wp-json\/wp\/v2\/media\/126656"}],"wp:attachment":[{"href":"https:\/\/www.caririemacao.com\/1\/wp-json\/wp\/v2\/media?parent=126655"}],"wp:term":[{"taxonomy":"category","embeddable":true,"href":"https:\/\/www.caririemacao.com\/1\/wp-json\/wp\/v2\/categories?post=126655"},{"taxonomy":"post_tag","embeddable":true,"href":"https:\/\/www.caririemacao.com\/1\/wp-json\/wp\/v2\/tags?post=126655"}],"curies":[{"name":"wp","href":"https:\/\/api.w.org\/{rel}","templated":true}]}}