{"id":126659,"date":"2019-10-14T15:41:52","date_gmt":"2019-10-14T18:41:52","guid":{"rendered":"http:\/\/www.caririemacao.com\/1\/?p=126659"},"modified":"2019-10-14T15:41:52","modified_gmt":"2019-10-14T18:41:52","slug":"oferta-de-vagas-no-comercio-para-o-natal-sera-a-maior-em-seis-anos","status":"publish","type":"post","link":"https:\/\/www.caririemacao.com\/1\/2019\/10\/14\/oferta-de-vagas-no-comercio-para-o-natal-sera-a-maior-em-seis-anos\/","title":{"rendered":"Oferta de vagas no com\u00e9rcio para o Natal ser\u00e1 a maior em seis anos"},"content":{"rendered":"\n<p>A Confedera\u00e7\u00e3o Nacional do Com\u00e9rcio de Bens, Servi\u00e7os e Turismo (CNC) divulgou hoje (14) uma estimativa sobre os postos de trabalho tempor\u00e1rios para o Natal deste ano. De acordo com a CNC, espera-se a contrata\u00e7\u00e3o de 91 mil trabalhadores tempor\u00e1rios para atender ao aumento da demanda do varejo no per\u00edodo natalino, ou seja, 4% maior do que em 2018 e a maior oferta dos \u00faltimos seis anos.<\/p>\n\n\n\n<p>Estima-se que o Natal movimente R$ 35,9 bilh\u00f5es no com\u00e9rcio varejista de todo o pa\u00eds, neste ano, segundo a CNC.<\/p>\n\n\n\n<p>Para o presidente da confedera\u00e7\u00e3o, Jos\u00e9 Roberto Tadros, essa \u201cretomada parcial do n\u00edvel de atividade do setor\u201d est\u00e1 sendo influenciada pela infla\u00e7\u00e3o baixa, pelos juros b\u00e1sicos no piso hist\u00f3rico, por prazos mais amplos para a quita\u00e7\u00e3o de financiamentos e, principalmente, pela libera\u00e7\u00e3o de recursos extraordin\u00e1rios para o consumo, como os saques no FGTS e no PIS\/Pasep.<\/p>\n\n\n\n<p>Os estados que devem mais gerar vagas s\u00e3o S\u00e3o Paulo (22,6 mil), Minas Gerais (10 mil), Rio de Janeiro (9,4 mil) e Rio Grande do Sul (7,6 mil), que concentrar\u00e3o mais da metade da oferta de vagas.<\/p>\n\n\n\n<p>J\u00e1 entre os setores do com\u00e9rcio, os maiores volumes de contrata\u00e7\u00f5es dever\u00e3o ocorrer nos ramos de vestu\u00e1rio (62,5 mil vagas) e de hiper e supermercados (12,8 mil). Oito em cada dez vagas ofertadas dever\u00e3o ser preenchidas por vendedores (57 mil), operadores de caixa (13 mil) e pessoal de almoxarifado (4,6 mil).<\/p>\n\n\n\n<p>Os maiores sal\u00e1rios m\u00e9dios dever\u00e3o ser pagos aos contratados para os cargos de gerente de marketing e vendas (R$ 2.724) e gerentes de opera\u00e7\u00f5es comerciais (R$ 2.020).<\/p>\n\n\n\n<p>A taxa de efetiva\u00e7\u00e3o dos trabalhadores tempor\u00e1rios dever\u00e1 ser maior do que nos \u00faltimos cinco anos, com expectativa de absor\u00e7\u00e3o definitiva de 26,1%.<\/p>\n","protected":false},"excerpt":{"rendered":"<p>A Confedera\u00e7\u00e3o Nacional do Com\u00e9rcio de Bens, Servi\u00e7os e Turismo (CNC) divulgou hoje (14) uma estimativa sobre os postos de trabalho tempor\u00e1rios para o Natal&hellip; <\/p>\n","protected":false},"author":1,"featured_media":126660,"comment_status":"closed","ping_status":"closed","sticky":false,"template":"","format":"standard","meta":{"sfsi_plus_gutenberg_text_before_share":"","sfsi_plus_gutenberg_show_text_before_share":"","sfsi_plus_gutenberg_icon_type":"","sfsi_plus_gutenberg_icon_alignemt":"","sfsi_plus_gutenburg_max_per_row":"","footnotes":""},"categories":[2],"tags":[],"class_list":["post-126659","post","type-post","status-publish","format-standard","has-post-thumbnail","hentry","category-geral"],"_links":{"self":[{"href":"https:\/\/www.caririemacao.com\/1\/wp-json\/wp\/v2\/posts\/126659","targetHints":{"allow":["GET"]}}],"collection":[{"href":"https:\/\/www.caririemacao.com\/1\/wp-json\/wp\/v2\/posts"}],"about":[{"href":"https:\/\/www.caririemacao.com\/1\/wp-json\/wp\/v2\/types\/post"}],"author":[{"embeddable":true,"href":"https:\/\/www.caririemacao.com\/1\/wp-json\/wp\/v2\/users\/1"}],"replies":[{"embeddable":true,"href":"https:\/\/www.caririemacao.com\/1\/wp-json\/wp\/v2\/comments?post=126659"}],"version-history":[{"count":1,"href":"https:\/\/www.caririemacao.com\/1\/wp-json\/wp\/v2\/posts\/126659\/revisions"}],"predecessor-version":[{"id":126661,"href":"https:\/\/www.caririemacao.com\/1\/wp-json\/wp\/v2\/posts\/126659\/revisions\/126661"}],"wp:featuredmedia":[{"embeddable":true,"href":"https:\/\/www.caririemacao.com\/1\/wp-json\/wp\/v2\/media\/126660"}],"wp:attachment":[{"href":"https:\/\/www.caririemacao.com\/1\/wp-json\/wp\/v2\/media?parent=126659"}],"wp:term":[{"taxonomy":"category","embeddable":true,"href":"https:\/\/www.caririemacao.com\/1\/wp-json\/wp\/v2\/categories?post=126659"},{"taxonomy":"post_tag","embeddable":true,"href":"https:\/\/www.caririemacao.com\/1\/wp-json\/wp\/v2\/tags?post=126659"}],"curies":[{"name":"wp","href":"https:\/\/api.w.org\/{rel}","templated":true}]}}