{"id":126666,"date":"2019-10-14T15:47:37","date_gmt":"2019-10-14T18:47:37","guid":{"rendered":"http:\/\/www.caririemacao.com\/1\/?p=126666"},"modified":"2019-10-14T15:47:37","modified_gmt":"2019-10-14T18:47:37","slug":"boqueirao-chega-a-19-e-solucao-e-prevista-para-depois-de-novembro","status":"publish","type":"post","link":"https:\/\/www.caririemacao.com\/1\/2019\/10\/14\/boqueirao-chega-a-19-e-solucao-e-prevista-para-depois-de-novembro\/","title":{"rendered":"Boqueir\u00e3o chega a 19% e solu\u00e7\u00e3o \u00e9 prevista para depois de novembro"},"content":{"rendered":"\n<p>Caiu para 19,2% (89,7 milh\u00f5es de metros c\u00fabicos (m\u00b3)) o volume de \u00e1gua armazenada no a\u00e7ude Epit\u00e1cio Pessoa, que fica na cidade de Boqueir\u00e3o, regi\u00e3o de Campina Grande. Em pouco mais de 40 dias, o manancial perdeu 9,3 milh\u00f5es de m\u00b3 de \u00e1gua e segue sem receber a transposi\u00e7\u00e3o do S\u00e3o Francisco.<\/p>\n\n\n\n<p>Mesmo com a queda no armazenamento, a Ag\u00eancia Executiva de Gest\u00e3o das \u00c1guas da Para\u00edba (Aesa) continua afirmando que n\u00e3o h\u00e1 chance de Campina Grande e outras 19 localidades abastecidas pelo a\u00e7ude entrarem em racionamento este ano. Segundo o presidente da Ag\u00eancia, Porf\u00edrio Loureiro, a diminui\u00e7\u00e3o do volume vem sendo monitorada constantemente e est\u00e1 dentro do previsto.<\/p>\n\n\n\n<p>\u201cN\u00e3o tem nenhum risco de retorno de algum tipo de racionamento em Campina este ano. Estamos monitorando a situa\u00e7\u00e3o, mas sem preocupa\u00e7\u00e3o. A perda de volume \u00e9 normal, tanto pelo consumo da popula\u00e7\u00e3o como pela falta da \u00e1gua da transposi\u00e7\u00e3o e tamb\u00e9m pela vaz\u00e3o que est\u00e1vamos liberando para Acau\u00e3. Vamos suspender essa vaz\u00e3o no dia 30 de outubro e a partir da\u00ed a perda de volume cair\u00e1 para algo em torno de 5 milh\u00f5es de m\u00b3 por m\u00eas\u201d, contou Porf\u00edrio.<\/p>\n\n\n\n<p>Ainda segundo o presidente da Aesa, o governador Jo\u00e3o Azev\u00eado refor\u00e7ou ao Governo Federal a solicita\u00e7\u00e3o de retorno do bombeamento da transposi\u00e7\u00e3o para a Para\u00edba, que foi paralisado em agosto por causa de um problema durante a fase final de enchimento da barragem Cacimba Nova, em Sert\u00e2nia (PE). De l\u00e1, a \u00e1gua segue por Pernambuco e \u00e9 liberada para Monteiro (PB).<\/p>\n\n\n\n<p>\u201cN\u00f3s esperamos que esse bombeamento retorne no mais breve tempo poss\u00edvel, j\u00e1 que a transposi\u00e7\u00e3o n\u00e3o abastece apenas Boqueir\u00e3o, mas Po\u00e7\u00f5es e Camala\u00fa, que est\u00e3o secos\u201d, disse Porf\u00edrio Loureiro.<\/p>\n\n\n\n<p><strong>MDR sobre bombeamento para Boqueir\u00e3o<\/strong><br>O Minist\u00e9rio do Desenvolvimento Regional (MDR), respons\u00e1vel pela transposi\u00e7\u00e3o do S\u00e3o Francisco, informou que a solu\u00e7\u00e3o para a baixa no volume de Boqueir\u00e3o poder\u00e1 come\u00e7ar a ser resolvida a partir de novembro deste ano. O MDR afirmou que desde agosto, equipes t\u00e9cnicas do Minist\u00e9rio est\u00e3o trabalhando para solucionar o problema que provocou a interrup\u00e7\u00e3o no bombeamento da transposi\u00e7\u00e3o.<\/p>\n\n\n\n<p>O MDR disse ainda que a empresa respons\u00e1vel pela opera\u00e7\u00e3o do trecho da transposi\u00e7\u00e3o vem realizando testes na barragem Cacimba Nova para avaliar seu funcionamento com o objetivo de garantir a seguran\u00e7a da popula\u00e7\u00e3o e a integridade da estrutura.<\/p>\n\n\n\n<p>\u201cParalelamente, est\u00e1 em fase de conclus\u00e3o o detalhamento da solu\u00e7\u00e3o final de engenharia que ser\u00e1 executada no barramento. Apesar da barragem Cacimba Nova estar em monitoramento e testes com vaz\u00e3o reduzida, as \u00e1guas do rio S\u00e3o Francisco j\u00e1 seguem pelos canais com previs\u00e3o de chegar ao \u00faltimo reservat\u00f3rio do eixo leste \u2013 Campos -, em novembro\u201d, disse o MDR.<\/p>\n\n\n\n<p>O reservat\u00f3rio de Campos fica em Sert\u00e2nia (PE), de onde a \u00e1gua vai partir para a Para\u00edba. Somente depois de encher Campos, a partir de novembro, \u00e9 que ser\u00e1 poss\u00edvel estabelecer um prazo para a chegada da \u00e1gua \u00e0 Para\u00edba.<\/p>\n","protected":false},"excerpt":{"rendered":"<p>Caiu para 19,2% (89,7 milh\u00f5es de metros c\u00fabicos (m\u00b3)) o volume de \u00e1gua armazenada no a\u00e7ude Epit\u00e1cio Pessoa, que fica na cidade de Boqueir\u00e3o, regi\u00e3o&hellip; <\/p>\n","protected":false},"author":1,"featured_media":97881,"comment_status":"closed","ping_status":"closed","sticky":false,"template":"","format":"standard","meta":{"sfsi_plus_gutenberg_text_before_share":"","sfsi_plus_gutenberg_show_text_before_share":"","sfsi_plus_gutenberg_icon_type":"","sfsi_plus_gutenberg_icon_alignemt":"","sfsi_plus_gutenburg_max_per_row":"","footnotes":""},"categories":[6],"tags":[],"class_list":["post-126666","post","type-post","status-publish","format-standard","has-post-thumbnail","hentry","category-cidades"],"_links":{"self":[{"href":"https:\/\/www.caririemacao.com\/1\/wp-json\/wp\/v2\/posts\/126666","targetHints":{"allow":["GET"]}}],"collection":[{"href":"https:\/\/www.caririemacao.com\/1\/wp-json\/wp\/v2\/posts"}],"about":[{"href":"https:\/\/www.caririemacao.com\/1\/wp-json\/wp\/v2\/types\/post"}],"author":[{"embeddable":true,"href":"https:\/\/www.caririemacao.com\/1\/wp-json\/wp\/v2\/users\/1"}],"replies":[{"embeddable":true,"href":"https:\/\/www.caririemacao.com\/1\/wp-json\/wp\/v2\/comments?post=126666"}],"version-history":[{"count":1,"href":"https:\/\/www.caririemacao.com\/1\/wp-json\/wp\/v2\/posts\/126666\/revisions"}],"predecessor-version":[{"id":126667,"href":"https:\/\/www.caririemacao.com\/1\/wp-json\/wp\/v2\/posts\/126666\/revisions\/126667"}],"wp:featuredmedia":[{"embeddable":true,"href":"https:\/\/www.caririemacao.com\/1\/wp-json\/wp\/v2\/media\/97881"}],"wp:attachment":[{"href":"https:\/\/www.caririemacao.com\/1\/wp-json\/wp\/v2\/media?parent=126666"}],"wp:term":[{"taxonomy":"category","embeddable":true,"href":"https:\/\/www.caririemacao.com\/1\/wp-json\/wp\/v2\/categories?post=126666"},{"taxonomy":"post_tag","embeddable":true,"href":"https:\/\/www.caririemacao.com\/1\/wp-json\/wp\/v2\/tags?post=126666"}],"curies":[{"name":"wp","href":"https:\/\/api.w.org\/{rel}","templated":true}]}}