{"id":126668,"date":"2019-10-14T15:48:46","date_gmt":"2019-10-14T18:48:46","guid":{"rendered":"http:\/\/www.caririemacao.com\/1\/?p=126668"},"modified":"2019-10-14T15:48:46","modified_gmt":"2019-10-14T18:48:46","slug":"prefeito-paraibano-e-ameacado-por-homem-armado-com-faca-peixeira","status":"publish","type":"post","link":"https:\/\/www.caririemacao.com\/1\/2019\/10\/14\/prefeito-paraibano-e-ameacado-por-homem-armado-com-faca-peixeira\/","title":{"rendered":"Prefeito paraibano \u00e9 amea\u00e7ado por homem armado com faca peixeira"},"content":{"rendered":"\n<p>O prefeito de Curral de Cima, Tot\u00f3 Ribeiro, foi amea\u00e7ado por um agricultor de 20 anos durante festa da padroeira da Fazenda Santa Terezinha, nesse s\u00e1bado (12). Segundo informa\u00e7\u00e3o policial, o agricultor, que estava armado com uma faca peixeira de aproximadamente sete polegadas, partiu para cima do prefeito depois de agredi-lo verbalmente. A agress\u00e3o f\u00edsica n\u00e3o aconteceu por a\u00e7\u00e3o dos seguran\u00e7as da festa que conteve o suspeito e o desarmou. Ele acabou preso.<\/p>\n\n\n\n<p>Esta \u00e9 a segunda vez que o agricultor faz amea\u00e7as e tenta agredir o prefeito e a motiva\u00e7\u00e3o \u00e9 pol\u00edtica, uma vez que integra o grupo de oposi\u00e7\u00e3o na cidade. \u201cA minha sorte foi que o prefeito de Lagoa de Dentro, o amigo Fabiano Pedro, viu que o agricultor estava armado e me avisou para que eu alertasse os seguran\u00e7as. Se n\u00e3o fosse isso, acredito que podia ter acontecido o pior. Eu lamento essas agress\u00f5es apenas pelo fato de estarmos fazendo um bom governo na cidade, cuidando das pessoas e garantindo o desenvolvimento do munic\u00edpio\u201d, disse Tot\u00f3 Ribeiro.<\/p>\n\n\n\n<p>Logo ap\u00f3s o incidente, a pol\u00edcia foi chamada e suspeito foi detido em flagrante portando uma arma branca. Na delegacia, testemunhas ainda contaram que o agricultor ficou perseguindo o prefeito durante a festa antes de se aproximar para tentar agredi-lo.<\/p>\n\n\n\n<p>Tot\u00f3 Ribeiro disse que lamenta o fato e teme pela sua vida e da sua fam\u00edlia diante das amea\u00e7as constantes feitas pelo suspeito. \u201c\u00c9 muito dif\u00edcil ter que conviver com amea\u00e7as constantes. Mesmo assim, n\u00e3o vamos nos intimidar diante dessa situa\u00e7\u00e3o. Acredito nas autoridades policiais e na Justi\u00e7a. O trabalho pelo crescimento da cidade e o cuidado com o nosso povo n\u00e3o ser\u00e3o afetados por isso. Vamos seguir em frente!\u201d, afirmou.<\/p>\n","protected":false},"excerpt":{"rendered":"<p>O prefeito de Curral de Cima, Tot\u00f3 Ribeiro, foi amea\u00e7ado por um agricultor de 20 anos durante festa da padroeira da Fazenda Santa Terezinha, nesse&hellip; <\/p>\n","protected":false},"author":1,"featured_media":89112,"comment_status":"closed","ping_status":"closed","sticky":false,"template":"","format":"standard","meta":{"sfsi_plus_gutenberg_text_before_share":"","sfsi_plus_gutenberg_show_text_before_share":"","sfsi_plus_gutenberg_icon_type":"","sfsi_plus_gutenberg_icon_alignemt":"","sfsi_plus_gutenburg_max_per_row":"","footnotes":""},"categories":[12],"tags":[],"class_list":["post-126668","post","type-post","status-publish","format-standard","has-post-thumbnail","hentry","category-policia"],"_links":{"self":[{"href":"https:\/\/www.caririemacao.com\/1\/wp-json\/wp\/v2\/posts\/126668","targetHints":{"allow":["GET"]}}],"collection":[{"href":"https:\/\/www.caririemacao.com\/1\/wp-json\/wp\/v2\/posts"}],"about":[{"href":"https:\/\/www.caririemacao.com\/1\/wp-json\/wp\/v2\/types\/post"}],"author":[{"embeddable":true,"href":"https:\/\/www.caririemacao.com\/1\/wp-json\/wp\/v2\/users\/1"}],"replies":[{"embeddable":true,"href":"https:\/\/www.caririemacao.com\/1\/wp-json\/wp\/v2\/comments?post=126668"}],"version-history":[{"count":1,"href":"https:\/\/www.caririemacao.com\/1\/wp-json\/wp\/v2\/posts\/126668\/revisions"}],"predecessor-version":[{"id":126669,"href":"https:\/\/www.caririemacao.com\/1\/wp-json\/wp\/v2\/posts\/126668\/revisions\/126669"}],"wp:featuredmedia":[{"embeddable":true,"href":"https:\/\/www.caririemacao.com\/1\/wp-json\/wp\/v2\/media\/89112"}],"wp:attachment":[{"href":"https:\/\/www.caririemacao.com\/1\/wp-json\/wp\/v2\/media?parent=126668"}],"wp:term":[{"taxonomy":"category","embeddable":true,"href":"https:\/\/www.caririemacao.com\/1\/wp-json\/wp\/v2\/categories?post=126668"},{"taxonomy":"post_tag","embeddable":true,"href":"https:\/\/www.caririemacao.com\/1\/wp-json\/wp\/v2\/tags?post=126668"}],"curies":[{"name":"wp","href":"https:\/\/api.w.org\/{rel}","templated":true}]}}