{"id":126671,"date":"2019-10-14T15:56:13","date_gmt":"2019-10-14T18:56:13","guid":{"rendered":"http:\/\/www.caririemacao.com\/1\/?p=126671"},"modified":"2019-10-14T15:56:13","modified_gmt":"2019-10-14T18:56:13","slug":"pb-faz-parceria-com-ong-internacional-para-educacao-em-direitos-humanos","status":"publish","type":"post","link":"https:\/\/www.caririemacao.com\/1\/2019\/10\/14\/pb-faz-parceria-com-ong-internacional-para-educacao-em-direitos-humanos\/","title":{"rendered":"PB faz parceria com ONG internacional para Educa\u00e7\u00e3o em Direitos Humanos"},"content":{"rendered":"\n<p>O Governo do Estado, por meio da Funda\u00e7\u00e3o Desenvolvimento da Crian\u00e7a e do Adolescente Alice de Almeida (Fundac) e da Secretaria de Educa\u00e7\u00e3o do Estado, com o Minist\u00e9rio P\u00fablico Federal e o Instituto Auschwitz para a Paz e a Reconcilia\u00e7\u00e3o celebrou parceria para implementar Projeto de Educa\u00e7\u00e3o em Direitos Humanos na Socioeduca\u00e7\u00e3o, atrav\u00e9s da Escola Cidad\u00e3 Integral Almirante Saldanha e de a\u00e7\u00f5es transversais da equipe t\u00e9cnica da Fundac.<\/p>\n\n\n\n<p>A ONG, que \u00e9 sediada em Nova Iorque, com antena em S\u00e3o Paulo, est\u00e1 preparando os termos de assinatura para a parceria, que ter\u00e1 in\u00edcio j\u00e1 no pr\u00f3ximo ano letivo, a partir de fevereiro de 2020. Inicialmente, a Auschwitz formar\u00e1 os t\u00e9cnicos e professores, para que esses se tornem multiplicadores da metodologia e pedagogia empregada pela ONG para a Educa\u00e7\u00e3o em Direitos Humanos, atrav\u00e9s da cartilha \u201cCidadania e Democracia desde a Escola\u201d.<\/p>\n\n\n\n<p>Para o presidente da Fundac, Noaldo Meireles, a parceria entre o Governo do Estado, Minist\u00e9rio P\u00fablico Federal e a ONG Auschwitz vem acrescentar uma expertise dedicada \u00e0 Educa\u00e7\u00e3o em Direitos Humanos, o que vai contribuir com um olhar mais direcionado aos Direitos Humanos e aperfei\u00e7oar as a\u00e7\u00f5es j\u00e1 implementadas na constru\u00e7\u00e3o da cidadania dentro das unidades.<\/p>\n\n\n\n<p>\u201cO projeto vai consistir em uma forma\u00e7\u00e3o de t\u00e9cnicos e professores de todas as unidades, para que eles possam replicar essa metodologia e o material de forma\u00e7\u00e3o junto aos demais t\u00e9cnicos para que possamos ter um olhar da Educa\u00e7\u00e3o em Direitos Humanos sobre o trabalho nas unidades\u201d, declarou Meireles.<\/p>\n\n\n\n<p>O procurador-chefe substituto do MPF na Para\u00edba, Jos\u00e9 Godoy Bezerra de Souza, disse que \u201c\u00c9 um privil\u00e9gio para o Minist\u00e9rio P\u00fablico Federal participar desse projeto porque \u00e9 fundamental para uma sociedade e para a democracia o conhecimento dos direitos fundamentais. A Educa\u00e7\u00e3o em Direitos Humanos \u00e9 o caminho para a civiliza\u00e7\u00e3o. Verificamos que em todas as visitas que fizemos para apresenta\u00e7\u00e3o do projeto, a proposta foi muito bem acolhida por todos os \u00f3rg\u00e3os visitados, inclusive, j\u00e1 com encaminhamentos de datas para a forma\u00e7\u00e3o de professores multiplicadores\u201d.<\/p>\n\n\n\n<p>J\u00e1 a diretora t\u00e9cnica da Fundac, Waleska Ramalho, declarou que essa alian\u00e7a \u00e9 estrat\u00e9gica para a Educa\u00e7\u00e3o e para o corpo t\u00e9cnico da institui\u00e7\u00e3o. \u201c\u00c9 uma alian\u00e7a estrat\u00e9gica, onde n\u00f3s unimos o MPF, a ONG Auschwitz, que est\u00e1 trabalhando a perspectiva dos Direitos Humanos, principalmente no Brasil, a Escola e a Pol\u00edtica de Educa\u00e7\u00e3o. \u00c9 um alinhamento onde vamos agregar valor \u00e0 escola, com o seu corpo profissional trabalhando na perspectiva de cidadania, de respeito, de direitos humanos, de dignidade e justi\u00e7a social. E, tamb\u00e9m, a equipe t\u00e9cnica da Fundac, que vem atuando junto aos adolescentes numa perspectiva de transforma\u00e7\u00e3o mesmo, de ressignifica\u00e7\u00e3o da vida e do ato infracional. Acho que a proposta \u00e9 inovadora e ela dar\u00e1 muitos frutos positivos, para que a gente de fato ressignifique a vida e o ato infracional dos adolescentes que est\u00e3o na socioeduca\u00e7\u00e3o\u201d, acrescentou Waleska Ramalho.<\/p>\n\n\n\n<p>Gilson Fran\u00e7a, da Comiss\u00e3o Executiva de Educa\u00e7\u00e3o Integral da Escola Cidad\u00e3 Integral, disse acreditar que o programa vai trazer muitos benef\u00edcios para a escola, no sentido de fortalecer algumas a\u00e7\u00f5es que j\u00e1 est\u00e1 sendo desenvolvida. \u201cPartindo da perspectiva do projeto de vida, em que os alunos est\u00e3o cada vez mais conseguindo falar sobre os seus sonhos e a partir do momento em que eles t\u00eam acesso ao conhecimento sobre os pr\u00f3prios direitos, sobre a identidade, n\u00f3s vamos garantir ainda mais esse direito \u00e0 educa\u00e7\u00e3o e \u00e0 cidadania deles. E fortalecendo ainda mais a nossa parceria com a Fundac, que \u00e9 essencial para o bom acontecimento das atividades da escola\u201d, observou.<\/p>\n\n\n\n<p>A diretora do Instituto Auschwitz para a Paz e a Reconcilia\u00e7\u00e3o, Clara Ram\u00edrez, enfatizou que o Projeto foi pensado originalmente para trabalhar com escolas p\u00fablicas no ensino m\u00e9dio, mas que a proposta \u00e9 de igual import\u00e2ncia para a socioeduca\u00e7\u00e3o. \u201cNesse momento, em que estamos atendendo \u00e0 popula\u00e7\u00e3o educativa, os meninos e as meninas que est\u00e3o em processo de cumprimento de medidas socioeducativas fazem parte dessa comunidade educativa. Eles t\u00eam a mesma situa\u00e7\u00e3o de qualquer outro menino, evidentemente \u00e9 uma situa\u00e7\u00e3o particular por conta da experi\u00eancia de vida dessas pessoas e por conta da situa\u00e7\u00e3o na qual est\u00e1 se desenvolvendo a sua educa\u00e7\u00e3o, mas tem a mesma import\u00e2ncia de qualquer outro cidad\u00e3o do pa\u00eds, de qualquer outro estudante que tenha acesso a poder estudar essas mat\u00e9rias na sala de aula e experimentar e explorar temas referentes \u00e0 democracia, o respeito \u00e0 pluralidade, porque isso faz parte, tamb\u00e9m, da sua forma\u00e7\u00e3o e da sua educa\u00e7\u00e3o como cidad\u00e3o\u201d, afirmou a diretora da ONG.<\/p>\n\n\n\n<p>Sobre o Instituto Auschwitz \u2013 O Instituto Auschwitz para a Paz e a Reconcilia\u00e7\u00e3o \u00e9 uma organiza\u00e7\u00e3o n\u00e3o governamental internacional que atua na \u00e1rea da preven\u00e7\u00e3o ao genoc\u00eddio e outras atrocidades massivas. A partir de um trabalho de assist\u00eancia t\u00e9cnica, capacita\u00e7\u00e3o e educa\u00e7\u00e3o, o Instituto Auschwitz apoia os Estados no desenvolvimento e\/ou fortalecimento de pol\u00edticas p\u00fablicas nessa mat\u00e9ria. Al\u00e9m disso, o Instituto fomenta e articula a cria\u00e7\u00e3o de redes de coopera\u00e7\u00e3o regionais e internacionais entre governos, sociedade civil e academia, com o objetivo de promover uma abordagem conjunta dos desafios contempor\u00e2neos relacionados com a prote\u00e7\u00e3o dos direitos humanos e a preven\u00e7\u00e3o de abusos.<\/p>\n\n\n\n<p><strong><em>PB Agora<\/em><\/strong><\/p>\n","protected":false},"excerpt":{"rendered":"<p>O Governo do Estado, por meio da Funda\u00e7\u00e3o Desenvolvimento da Crian\u00e7a e do Adolescente Alice de Almeida (Fundac) e da Secretaria de Educa\u00e7\u00e3o do Estado,&hellip; <\/p>\n","protected":false},"author":1,"featured_media":126672,"comment_status":"closed","ping_status":"closed","sticky":false,"template":"","format":"standard","meta":{"sfsi_plus_gutenberg_text_before_share":"","sfsi_plus_gutenberg_show_text_before_share":"","sfsi_plus_gutenberg_icon_type":"","sfsi_plus_gutenberg_icon_alignemt":"","sfsi_plus_gutenburg_max_per_row":"","footnotes":""},"categories":[14],"tags":[],"class_list":["post-126671","post","type-post","status-publish","format-standard","has-post-thumbnail","hentry","category-educacao"],"_links":{"self":[{"href":"https:\/\/www.caririemacao.com\/1\/wp-json\/wp\/v2\/posts\/126671","targetHints":{"allow":["GET"]}}],"collection":[{"href":"https:\/\/www.caririemacao.com\/1\/wp-json\/wp\/v2\/posts"}],"about":[{"href":"https:\/\/www.caririemacao.com\/1\/wp-json\/wp\/v2\/types\/post"}],"author":[{"embeddable":true,"href":"https:\/\/www.caririemacao.com\/1\/wp-json\/wp\/v2\/users\/1"}],"replies":[{"embeddable":true,"href":"https:\/\/www.caririemacao.com\/1\/wp-json\/wp\/v2\/comments?post=126671"}],"version-history":[{"count":1,"href":"https:\/\/www.caririemacao.com\/1\/wp-json\/wp\/v2\/posts\/126671\/revisions"}],"predecessor-version":[{"id":126673,"href":"https:\/\/www.caririemacao.com\/1\/wp-json\/wp\/v2\/posts\/126671\/revisions\/126673"}],"wp:featuredmedia":[{"embeddable":true,"href":"https:\/\/www.caririemacao.com\/1\/wp-json\/wp\/v2\/media\/126672"}],"wp:attachment":[{"href":"https:\/\/www.caririemacao.com\/1\/wp-json\/wp\/v2\/media?parent=126671"}],"wp:term":[{"taxonomy":"category","embeddable":true,"href":"https:\/\/www.caririemacao.com\/1\/wp-json\/wp\/v2\/categories?post=126671"},{"taxonomy":"post_tag","embeddable":true,"href":"https:\/\/www.caririemacao.com\/1\/wp-json\/wp\/v2\/tags?post=126671"}],"curies":[{"name":"wp","href":"https:\/\/api.w.org\/{rel}","templated":true}]}}