{"id":126681,"date":"2019-10-14T16:01:48","date_gmt":"2019-10-14T19:01:48","guid":{"rendered":"http:\/\/www.caririemacao.com\/1\/?p=126681"},"modified":"2019-10-14T16:01:48","modified_gmt":"2019-10-14T19:01:48","slug":"enem-veja-dicas-de-como-fazer-uma-boa-prova-na-pb-174-mil-alunos-estao-inscritos","status":"publish","type":"post","link":"https:\/\/www.caririemacao.com\/1\/2019\/10\/14\/enem-veja-dicas-de-como-fazer-uma-boa-prova-na-pb-174-mil-alunos-estao-inscritos\/","title":{"rendered":"Enem: veja dicas de como fazer uma boa prova; na PB 174 mil alunos est\u00e3o inscritos"},"content":{"rendered":"\n<p>J\u00e1, j\u00e1 estar\u00e1 chegando a prova que voc\u00ea esteve esperando o ano todo: o Exame Nacional do Ensino M\u00e9dio (Enem). Agora \u00e9 hora de prestar muita aten\u00e7\u00e3o para n\u00e3o colocar tudo a perder por errinhos bobos, como chegar atrasado ou passar uma quest\u00e3o errada para o gabarito. Para ajud\u00e1-lo, o portal listou algumas dicas de como fazer uma boa prova.<\/p>\n\n\n\n<figure><iframe data-src=\"https:\/\/tpc.googlesyndication.com\/safeframe\/1-0-35\/html\/container.html\" width=\"300\" height=\"250\" src=\"data:image\/svg+xml;base64,PHN2ZyB3aWR0aD0iMSIgaGVpZ2h0PSIxIiB4bWxucz0iaHR0cDovL3d3dy53My5vcmcvMjAwMC9zdmciPjwvc3ZnPg==\" class=\"lazyload\" data-load-mode=\"1\"><\/iframe><\/figure>\n\n\n\n<p>As provas do Enem 2019 ser\u00e3o realizadas nos dias 3 e 10 de novembro (dois domingos) por mais de seis milh\u00f5es de estudantes. Na Para\u00edba, se inscreveram 174 mil pessoas. Os candidatos receber\u00e3o os cart\u00f5es de inscri\u00e7\u00f5es no pr\u00f3ximo dia 16 com informa\u00e7\u00e3o sobre local e sala de prova.<\/p>\n\n\n\n<p>Segundo informa\u00e7\u00f5es do Instituto Nacional de Estudos e Pesquisas (Inep), as provas ser\u00e3o realizadas \u00e0s 13h30 (hor\u00e1rio de Bras\u00edlia), com dura\u00e7\u00e3o de 5h30 no primeiro dia, e 5h no segundo. Os gabaritos ser\u00e3o divulgados no dia 13 de novembro e o resultado ser\u00e1 conhecido em janeiro de 2020.<\/p>\n\n\n\n<p>Veja dicas valiosas para passar no Enem:<\/p>\n\n\n\n<ol class=\"wp-block-list\"><li>Saiba o que ser\u00e1 cobrado em cada uma das provas<\/li><\/ol>\n\n\n\n<p>Leia com aten\u00e7\u00e3o o Edital do Enem. Nele voc\u00ea encontrar\u00e1 uma lista dos assuntos que ser\u00e3o cobrados em cada uma das provas:<\/p>\n\n\n\n<p>Linguagens, C\u00f3digos e suas Tecnologias<\/p>\n\n\n\n<p>Matem\u00e1tica e suas Tecnologias<\/p>\n\n\n\n<p>Ci\u00eancias da Natureza e suas Tecnologias<\/p>\n\n\n\n<p>Ci\u00eancias Humanas e suas Tecnologias<\/p>\n\n\n\n<p>Reda\u00e7\u00e3o<\/p>\n\n\n\n<p>Comece a estudar o quanto antes. As quest\u00f5es do Enem s\u00e3o complexas e misturam diversas mat\u00e9rias para identificar se o estudante realmente entendeu o assunto.<\/p>\n\n\n\n<ol class=\"wp-block-list\"><li>Cuidado com as atitudes que possam desclassific\u00e1-lo<\/li><\/ol>\n\n\n\n<p>De nada adianta voc\u00ea estudar o ano inteiro e, no dia da prova, chegar atrasado ou postar uma foto do Exame nas redes sociais. Isso vai desclassific\u00e1-lo na hora.<\/p>\n\n\n\n<p>Para n\u00e3o correr o risco de ter uma atitude que possa anular sua participa\u00e7\u00e3o, leia atentamente o edital. Sim, de novo estamos falando deste documento, e n\u00e3o \u00e9 por acaso! Todos os anos tem alguma novidade envolvendo o Enem e \u00e9 important\u00edssimo que voc\u00ea saiba exatamente o que pode e o que n\u00e3o pode fazer no dia da prova.<\/p>\n\n\n\n<p>Normalmente, s\u00f3 \u00e9 permitido usar caneta esferogr\u00e1fica de tinta preta e fabricada em material transparente. \u00c9 proibido o uso de aparelhos eletr\u00f4nicos durante a prova e nem pense em dar aquela olhadinha para o lado. Qualquer tentativa de cola vai deix\u00e1-lo fora da disputa!<\/p>\n\n\n\n<ol class=\"wp-block-list\"><li>Leia bastante e saiba interpretar textos<\/li><\/ol>\n\n\n\n<p>A pr\u00e1tica da leitura \u00e9 indispens\u00e1vel para se dar bem no Enem. As quest\u00f5es costumam ter textos longos e se voc\u00ea tem o h\u00e1bito de ler conseguir\u00e1 interpret\u00e1-las com mais facilidade e agilidade.<\/p>\n\n\n\n<p>Algumas quest\u00f5es apresentam assuntos do cotidiano e a prova de reda\u00e7\u00e3o sempre traz um tema da atualidade. Portanto, fique ligado nos principais acontecimentos do Brasil e do mundo. Leia jornais e revistas e acompanhe os notici\u00e1rios.<\/p>\n\n\n\n<p>Tenha a mente aberta e procure ler opini\u00f5es diferentes das suas sobre assuntos pol\u00eamicos. Isso pode ajud\u00e1-lo a apresentar melhor o seu ponto de vista na reda\u00e7\u00e3o.<\/p>\n\n\n\n<ol class=\"wp-block-list\"><li>Fa\u00e7a simulados e controle o tempo de prova<\/li><\/ol>\n\n\n\n<p>Um dos segredos para ter um bom desempenho no Enem \u00e9 treinar bastante. As provas s\u00e3o bem extensas e os participantes t\u00eam poucas horas para respond\u00ea-las. Em m\u00e9dia voc\u00ea ter\u00e1 tr\u00eas minutos para resolver cada quest\u00e3o e cerca de uma hora para elaborar a reda\u00e7\u00e3o e passar seu texto a limpo na folha correspondente.<\/p>\n\n\n\n<p>Ou seja, al\u00e9m de estudar muito os conte\u00fados, \u00e9 importante que voc\u00ea saiba controlar o tempo de prova para n\u00e3o correr o risco de ter que deixar quest\u00f5es em branco ou chutar respostas.<\/p>\n\n\n\n<p>Fazer simulados ajuda muito. Voc\u00ea pode aproveitar os que s\u00e3o organizados por escolas e cursinhos, resolver alguns pela internet ou mesmo fazer o download das provas anteriores do Enem no site do Inep.<\/p>\n\n\n\n<p>\u00c9 uma excelente forma de se familiarizar com o tipo de quest\u00e3o cobrada no Exame.<\/p>\n\n\n\n<p>Ap\u00f3s resolver o simulado, confira o gabarito e revise as quest\u00f5es que errou. \u00c9 importante identificar quais conte\u00fados precisam de mais aten\u00e7\u00e3o.<\/p>\n\n\n\n<ol class=\"wp-block-list\"><li>Pratique a reda\u00e7\u00e3o<\/li><\/ol>\n\n\n\n<p>\u00c9 importante treinar n\u00e3o s\u00f3 para as provas objetivas, mas tamb\u00e9m para a reda\u00e7\u00e3o. A melhor forma de fazer isso \u00e9 escrevendo bastante.<\/p>\n\n\n\n<p>Pratique o modelo exigido no Enem usando os temas que j\u00e1 apareceram no Exame.<\/p>\n\n\n\n<p>Lembre-se que sua reda\u00e7\u00e3o deve respeitar os direitos humanos e que voc\u00ea precisar\u00e1 defender um ponto de vista, al\u00e9m de apresentar uma proposta de interven\u00e7\u00e3o social para o problema abordado.<\/p>\n\n\n\n<p>No in\u00edcio, leve o tempo que for preciso para conseguir argumentar e discorrer sobre o tema proposto. Com a pr\u00e1tica, tente estruturar seu texto de forma mais r\u00e1pida (lembrando que voc\u00ea ter\u00e1 cerca de uma hora para escrever sua reda\u00e7\u00e3o e pass\u00e1-la a limpo no dia da prova).<\/p>\n\n\n\n<ol class=\"wp-block-list\"><li>Chegue com bastante anteced\u00eancia<\/li><\/ol>\n\n\n\n<p>Voc\u00ea j\u00e1 deve saber que a organiza\u00e7\u00e3o do Enem n\u00e3o tolera nem um minuto de atraso. Todos os anos muitos estudantes s\u00e3o desclassificados por n\u00e3o conseguirem entrar no local de prova antes que os port\u00f5es se fechem. Programe-se para chegar com anteced\u00eancia!<\/p>\n\n\n\n<p>Voc\u00ea saber\u00e1 o local exato da prova quando o MEC liberar o Cart\u00e3o de Confirma\u00e7\u00e3o de Inscri\u00e7\u00e3o. Isso deve acontecer alguns dias antes da aplica\u00e7\u00e3o do Enem. Aproveite para conhecer o caminho e ver quanto tempo voc\u00ea leva da sua casa at\u00e9 o seu local de prova.<\/p>\n\n\n\n<p>Considere que no dia do Exame muitas pessoas estar\u00e3o se dirigindo para o mesmo endere\u00e7o e o tr\u00e2nsito ser\u00e1 mais pesado que o previsto. Saia bem cedo de casa e planeje-se para chegar antes dos port\u00f5es abrirem.<\/p>\n\n\n\n<p>Importante! A prova do Enem costuma acontecer entre o final de outubro e o in\u00edcio de novembro, quando j\u00e1 estamos no hor\u00e1rio de ver\u00e3o. Preste bastante aten\u00e7\u00e3o ao fuso hor\u00e1rio da regi\u00e3o onde voc\u00ea mora. Os hor\u00e1rios de refer\u00eancia apresentados no edital s\u00e3o de Bras\u00edlia.<\/p>\n\n\n\n<ol class=\"wp-block-list\"><li>Descanse na v\u00e9spera da prova<\/li><\/ol>\n\n\n\n<p>Aproveite cada tempo livre durante o ano para se dedicar aos estudos. Na v\u00e9spera do Exame, procure descansar e dormir cedo.<\/p>\n\n\n\n<p>A prova do Enem \u00e9 extensa e bastante exaustiva. Portanto, \u00e9 fundamental que voc\u00ea esteja relaxado, concentrado e com o sono em dia!<\/p>\n","protected":false},"excerpt":{"rendered":"<p>J\u00e1, j\u00e1 estar\u00e1 chegando a prova que voc\u00ea esteve esperando o ano todo: o Exame Nacional do Ensino M\u00e9dio (Enem). Agora \u00e9 hora de prestar&hellip; <\/p>\n","protected":false},"author":1,"featured_media":85281,"comment_status":"closed","ping_status":"closed","sticky":false,"template":"","format":"standard","meta":{"sfsi_plus_gutenberg_text_before_share":"","sfsi_plus_gutenberg_show_text_before_share":"","sfsi_plus_gutenberg_icon_type":"","sfsi_plus_gutenberg_icon_alignemt":"","sfsi_plus_gutenburg_max_per_row":"","footnotes":""},"categories":[14],"tags":[],"class_list":["post-126681","post","type-post","status-publish","format-standard","has-post-thumbnail","hentry","category-educacao"],"_links":{"self":[{"href":"https:\/\/www.caririemacao.com\/1\/wp-json\/wp\/v2\/posts\/126681","targetHints":{"allow":["GET"]}}],"collection":[{"href":"https:\/\/www.caririemacao.com\/1\/wp-json\/wp\/v2\/posts"}],"about":[{"href":"https:\/\/www.caririemacao.com\/1\/wp-json\/wp\/v2\/types\/post"}],"author":[{"embeddable":true,"href":"https:\/\/www.caririemacao.com\/1\/wp-json\/wp\/v2\/users\/1"}],"replies":[{"embeddable":true,"href":"https:\/\/www.caririemacao.com\/1\/wp-json\/wp\/v2\/comments?post=126681"}],"version-history":[{"count":1,"href":"https:\/\/www.caririemacao.com\/1\/wp-json\/wp\/v2\/posts\/126681\/revisions"}],"predecessor-version":[{"id":126682,"href":"https:\/\/www.caririemacao.com\/1\/wp-json\/wp\/v2\/posts\/126681\/revisions\/126682"}],"wp:featuredmedia":[{"embeddable":true,"href":"https:\/\/www.caririemacao.com\/1\/wp-json\/wp\/v2\/media\/85281"}],"wp:attachment":[{"href":"https:\/\/www.caririemacao.com\/1\/wp-json\/wp\/v2\/media?parent=126681"}],"wp:term":[{"taxonomy":"category","embeddable":true,"href":"https:\/\/www.caririemacao.com\/1\/wp-json\/wp\/v2\/categories?post=126681"},{"taxonomy":"post_tag","embeddable":true,"href":"https:\/\/www.caririemacao.com\/1\/wp-json\/wp\/v2\/tags?post=126681"}],"curies":[{"name":"wp","href":"https:\/\/api.w.org\/{rel}","templated":true}]}}