{"id":126684,"date":"2019-10-14T16:03:47","date_gmt":"2019-10-14T19:03:47","guid":{"rendered":"http:\/\/www.caririemacao.com\/1\/?p=126684"},"modified":"2019-10-14T16:03:47","modified_gmt":"2019-10-14T19:03:47","slug":"homicidios-e-outros-oito-crimes-violentos-caem-no-1o-semestre","status":"publish","type":"post","link":"https:\/\/www.caririemacao.com\/1\/2019\/10\/14\/homicidios-e-outros-oito-crimes-violentos-caem-no-1o-semestre\/","title":{"rendered":"Homic\u00eddios e outros oito crimes violentos caem no 1\u00ba semestre"},"content":{"rendered":"\n<p>O n\u00famero de homic\u00eddios caiu 22% em todo o pa\u00eds durante o primeiro semestre deste ano, em compara\u00e7\u00e3o com o mesmo per\u00edodo de 2018. A informa\u00e7\u00e3o foi divulgada hoje (14), em Bras\u00edlia, pelo Minist\u00e9rio da Justi\u00e7a e Seguran\u00e7a P\u00fablica, com base em dados do Sistema Nacional de Informa\u00e7\u00f5es de Seguran\u00e7a P\u00fablica, Prisionais, de Rastreabilidade de Armas e Muni\u00e7\u00f5es, de Material Gen\u00e9tico, de Digitais e de Drogas (Sinesp).<\/p>\n\n\n\n<p>O resultado j\u00e1 havia sido parcialmente antecipado pelo presidente Jair Bolsonaro, que, ontem (13), usou sua conta no Twitter para comemorar o que classificou como um dos pontos positivos de seu governo. Segundo o presidente, no primeiro semestre deste ano foram registrados 5.423 assassinatos a menos que no mesmo per\u00edodo de 2018.<\/p>\n\n\n\n<p>Segundo o minist\u00e9rio, a redu\u00e7\u00e3o no total de ocorr\u00eancias tamb\u00e9m foi verificada nos outros oito tipos de crimes registrados na plataforma que re\u00fane informa\u00e7\u00f5es fornecidas pelos estados e pelo Distrito Federal, a partir de boletins de ocorr\u00eancia das pol\u00edcias civis.<\/p>\n\n\n\n<p>Os casos de estupro ca\u00edram 12%. Tentativas de homic\u00eddio foram reduzidas em 9,4%. Tamb\u00e9m houve queda no total de latroc\u00ednios (-23,8%); les\u00e3o corporal seguida de morte (-3,2%); roubos contra institui\u00e7\u00f5es financeiras (-40,9%); roubo de carga (-25,7); roubo de ve\u00edculo (-27%) e furto de ve\u00edculo (-9,9%).<\/p>\n","protected":false},"excerpt":{"rendered":"<p>O n\u00famero de homic\u00eddios caiu 22% em todo o pa\u00eds durante o primeiro semestre deste ano, em compara\u00e7\u00e3o com o mesmo per\u00edodo de 2018. A&hellip; <\/p>\n","protected":false},"author":1,"featured_media":112264,"comment_status":"closed","ping_status":"closed","sticky":false,"template":"","format":"standard","meta":{"sfsi_plus_gutenberg_text_before_share":"","sfsi_plus_gutenberg_show_text_before_share":"","sfsi_plus_gutenberg_icon_type":"","sfsi_plus_gutenberg_icon_alignemt":"","sfsi_plus_gutenburg_max_per_row":"","footnotes":""},"categories":[12],"tags":[],"class_list":["post-126684","post","type-post","status-publish","format-standard","has-post-thumbnail","hentry","category-policia"],"_links":{"self":[{"href":"https:\/\/www.caririemacao.com\/1\/wp-json\/wp\/v2\/posts\/126684","targetHints":{"allow":["GET"]}}],"collection":[{"href":"https:\/\/www.caririemacao.com\/1\/wp-json\/wp\/v2\/posts"}],"about":[{"href":"https:\/\/www.caririemacao.com\/1\/wp-json\/wp\/v2\/types\/post"}],"author":[{"embeddable":true,"href":"https:\/\/www.caririemacao.com\/1\/wp-json\/wp\/v2\/users\/1"}],"replies":[{"embeddable":true,"href":"https:\/\/www.caririemacao.com\/1\/wp-json\/wp\/v2\/comments?post=126684"}],"version-history":[{"count":1,"href":"https:\/\/www.caririemacao.com\/1\/wp-json\/wp\/v2\/posts\/126684\/revisions"}],"predecessor-version":[{"id":126685,"href":"https:\/\/www.caririemacao.com\/1\/wp-json\/wp\/v2\/posts\/126684\/revisions\/126685"}],"wp:featuredmedia":[{"embeddable":true,"href":"https:\/\/www.caririemacao.com\/1\/wp-json\/wp\/v2\/media\/112264"}],"wp:attachment":[{"href":"https:\/\/www.caririemacao.com\/1\/wp-json\/wp\/v2\/media?parent=126684"}],"wp:term":[{"taxonomy":"category","embeddable":true,"href":"https:\/\/www.caririemacao.com\/1\/wp-json\/wp\/v2\/categories?post=126684"},{"taxonomy":"post_tag","embeddable":true,"href":"https:\/\/www.caririemacao.com\/1\/wp-json\/wp\/v2\/tags?post=126684"}],"curies":[{"name":"wp","href":"https:\/\/api.w.org\/{rel}","templated":true}]}}