{"id":126686,"date":"2019-10-14T16:04:54","date_gmt":"2019-10-14T19:04:54","guid":{"rendered":"http:\/\/www.caririemacao.com\/1\/?p=126686"},"modified":"2019-10-14T16:04:54","modified_gmt":"2019-10-14T19:04:54","slug":"bolsonaro-discute-pedido-de-prestacao-de-contas-ao-psl","status":"publish","type":"post","link":"https:\/\/www.caririemacao.com\/1\/2019\/10\/14\/bolsonaro-discute-pedido-de-prestacao-de-contas-ao-psl\/","title":{"rendered":"Bolsonaro discute pedido de presta\u00e7\u00e3o de contas ao PSL"},"content":{"rendered":"\n<p>O presidente Jair Bolsonaro reuniu-se na manh\u00e3 de&nbsp;hoje&nbsp;(14), no Pal\u00e1cio do Planalto, com os advogados eleitorais Karina Kufa e Admar Gonzaga para discutir o pedido de presta\u00e7\u00e3o de contas direcionado ao PSL. Na&nbsp;sexta-feira (11), Bolsonaro e mais 21 parlamentares da legenda requereram que o diret\u00f3rio nacional apresente informa\u00e7\u00f5es sobre as contas da sigla.<\/p>\n\n\n\n<p>O l\u00edder do governo na C\u00e2mara dos Deputados, Major Vitor Hugo (PSL-GO), que se reuniu com o presidente ap\u00f3s os advogados, disse que Bolsonaro e o grupo de parlamentares querem mais transpar\u00eancia do partido no&nbsp;uso dos recursos partid\u00e1rios. Segundo o l\u00edder, apenas ap\u00f3s a presta\u00e7\u00e3o de contas, o presidente e parlamentares v\u00e3o decidir sobre a perman\u00eancia no partido.<\/p>\n\n\n\n<p>\u201cO momento agora \u00e9 esse de tomar ci\u00eancia de onde os recursos do PSL est\u00e3o sendo empregados. Houve uma mudan\u00e7a muito grande da legislatura passada para a dimens\u00e3o do partido nessa legislatura. Um partido que s\u00f3 tinha um deputado federal no come\u00e7o da legislatura passada para mais de 50 agora. Ent\u00e3o o Fundo Partid\u00e1rio aumentou, o Fundo Eleitoral vai aumentar\u201d, disse o deputado.<\/p>\n\n\n\n<p>Na \u00faltima&nbsp;quarta-feira (9), o&nbsp;porta-voz do Pal\u00e1cio do Planalto, Ot\u00e1vio R\u00eago Barros, afirmou&nbsp;que o&nbsp;presidente n\u00e3o pretende, por enquanto, tomar a decis\u00e3o de sair do PSL. &#8220;Ele [Bolsonaro] destacou que n\u00e3o pretende deixar o PSL de livre e espont\u00e2nea vontade. Qualquer decis\u00e3o nesse sentido seria unilateral&#8221;, afirmou R\u00eago Barros em entrevista a jornalistas. Durante a tarde, Bolsonaro&nbsp;<a href=\"http:\/\/agenciabrasil.ebc.com.br\/politica\/noticia\/2019-10\/bolsonaro-nao-deixara-psl-de-livre-e-espontanea-vontade-diz-porta-voz\" target=\"_blank\" rel=\"noreferrer noopener\">se reuniu<\/a>&nbsp;com pelo menos 15 deputados federais do partido para discutir a situa\u00e7\u00e3o da legenda.&nbsp;<\/p>\n\n\n\n<p>No mesmo dia, mais cedo,&nbsp;a advogada eleitoral Karina Kufa&nbsp;afirmou que h\u00e1 desgaste na rela\u00e7\u00e3o entre o presidente e dirigentes nacionais do PSL. Ela e o ex-ministro do Tribunal Superior Eleitoral (TSE)&nbsp;Admar Gonzaga&nbsp;tamb\u00e9m participaram da reuni\u00e3o de Bolsonaro com parlamentares do PSL e&nbsp;<a href=\"http:\/\/agenciabrasil.ebc.com.br\/politica\/noticia\/2019-10\/psl-deixou-de-ser-transparente-diz-advogada-de-bolsonaro\" target=\"_blank\" rel=\"noreferrer noopener\">disseram que estudam<\/a>&nbsp;uma forma de os deputados deixarem a sigla sem serem punidos&nbsp;com a perda de mandato por causa da regra sobre infidelidade partid\u00e1ria. No caso do presidente e outros integrantes do PSL com cargo majorit\u00e1rio (governador, prefeito e senador), uma eventual troca de partido n\u00e3o \u00e9 vedada pela legisla\u00e7\u00e3o.<\/p>\n","protected":false},"excerpt":{"rendered":"<p>O presidente Jair Bolsonaro reuniu-se na manh\u00e3 de&nbsp;hoje&nbsp;(14), no Pal\u00e1cio do Planalto, com os advogados eleitorais Karina Kufa e Admar Gonzaga para discutir o pedido&hellip; <\/p>\n","protected":false},"author":1,"featured_media":104145,"comment_status":"closed","ping_status":"closed","sticky":false,"template":"","format":"standard","meta":{"sfsi_plus_gutenberg_text_before_share":"","sfsi_plus_gutenberg_show_text_before_share":"","sfsi_plus_gutenberg_icon_type":"","sfsi_plus_gutenberg_icon_alignemt":"","sfsi_plus_gutenburg_max_per_row":"","footnotes":""},"categories":[11],"tags":[],"class_list":["post-126686","post","type-post","status-publish","format-standard","has-post-thumbnail","hentry","category-politica"],"_links":{"self":[{"href":"https:\/\/www.caririemacao.com\/1\/wp-json\/wp\/v2\/posts\/126686","targetHints":{"allow":["GET"]}}],"collection":[{"href":"https:\/\/www.caririemacao.com\/1\/wp-json\/wp\/v2\/posts"}],"about":[{"href":"https:\/\/www.caririemacao.com\/1\/wp-json\/wp\/v2\/types\/post"}],"author":[{"embeddable":true,"href":"https:\/\/www.caririemacao.com\/1\/wp-json\/wp\/v2\/users\/1"}],"replies":[{"embeddable":true,"href":"https:\/\/www.caririemacao.com\/1\/wp-json\/wp\/v2\/comments?post=126686"}],"version-history":[{"count":1,"href":"https:\/\/www.caririemacao.com\/1\/wp-json\/wp\/v2\/posts\/126686\/revisions"}],"predecessor-version":[{"id":126687,"href":"https:\/\/www.caririemacao.com\/1\/wp-json\/wp\/v2\/posts\/126686\/revisions\/126687"}],"wp:featuredmedia":[{"embeddable":true,"href":"https:\/\/www.caririemacao.com\/1\/wp-json\/wp\/v2\/media\/104145"}],"wp:attachment":[{"href":"https:\/\/www.caririemacao.com\/1\/wp-json\/wp\/v2\/media?parent=126686"}],"wp:term":[{"taxonomy":"category","embeddable":true,"href":"https:\/\/www.caririemacao.com\/1\/wp-json\/wp\/v2\/categories?post=126686"},{"taxonomy":"post_tag","embeddable":true,"href":"https:\/\/www.caririemacao.com\/1\/wp-json\/wp\/v2\/tags?post=126686"}],"curies":[{"name":"wp","href":"https:\/\/api.w.org\/{rel}","templated":true}]}}