{"id":126694,"date":"2019-10-15T07:33:57","date_gmt":"2019-10-15T10:33:57","guid":{"rendered":"http:\/\/www.caririemacao.com\/1\/?p=126694"},"modified":"2019-10-15T07:33:57","modified_gmt":"2019-10-15T10:33:57","slug":"alunos-da-rede-municipal-de-ensino-de-monteiro-participam-do-paraiba-paralimpica","status":"publish","type":"post","link":"https:\/\/www.caririemacao.com\/1\/2019\/10\/15\/alunos-da-rede-municipal-de-ensino-de-monteiro-participam-do-paraiba-paralimpica\/","title":{"rendered":"Alunos da Rede Municipal de Ensino de Monteiro participam do Para\u00edba Paral\u00edmpica"},"content":{"rendered":"\n<p>Com o objetivo de sempre promover a intera\u00e7\u00e3o e a evolu\u00e7\u00e3o dos alunos, a Rede Municipal de Ensino de Monteiro tem oferecido o incentivo aos esportes aos estudantes com defici\u00eancia.O projeto Para\u00edba Paral\u00edmpica oferece gratuitamente aulas e treinamentos esportivos para jovens com defici\u00eancia em diversas modalidades como Parabadminton, Bocha, atletismo e suas modalidades, al\u00e9m de v\u00f4lei e outros como basquete sentado.O Para\u00edba Paral\u00edmpica \u00e9 uma idealiza\u00e7\u00e3o da Secretaria de Estado da Juventude, Esporte e Lazer e est\u00e1 sendo executada nas Escolas das redes Municipais e Estaduais, mas tamb\u00e9m \u00e9 aberta aos jovens de outras institui\u00e7\u00f5es ou que n\u00e3o estejam em sala de aula.O projeto j\u00e1 vem rendendo bons frutos, a exemplo do evento que os alunos participaram no \u00faltimo m\u00eas em Campina Grande, no m\u00eas da inclus\u00e3o social \u2013 Setembro Verde mais precisamente no dia 22 de setembro, o dia do Atleta Paral\u00edmpico.Os alunos da Rede Municipal puderam participar da Segunda Edi\u00e7\u00e3o do Festival Paral\u00edmpico na cidade de\u00a0<\/p>\n\n\n\n<div class=\"wp-block-image\"><figure class=\"alignleft\"><img decoding=\"async\" data-src=\"https:\/\/i2.wp.com\/www.vitrinedocariri.com.br\/wp-content\/uploads\/2019\/10\/Atleta-Paral%C3%ADmpico4.jpg?resize=300%2C200&amp;ssl=1\" alt=\"\" class=\"wp-image-55270 lazyload\" src=\"data:image\/svg+xml;base64,PHN2ZyB3aWR0aD0iMSIgaGVpZ2h0PSIxIiB4bWxucz0iaHR0cDovL3d3dy53My5vcmcvMjAwMC9zdmciPjwvc3ZnPg==\" \/><\/figure><\/div>\n\n\n\n<p>Campina Grande. O Festival aconteceu em forma de oficinas com objetivo de mostrar as crian\u00e7as e aos adolescentes que, independente da defici\u00eancia, eles podem sair de casa para praticar atividades f\u00edsicas.\u201cParticipamos da Segunda Edi\u00e7\u00e3o do Festival Paral\u00edmpicos em Campina, do JECAPs &nbsp;e temos a meta de abranger todas as escolas para que possamos no pr\u00f3ximo ano realizar o Festival Paral\u00edmpico em Monteiro e quem sabe revelar novos talentos, novos atletas fazendo a inclus\u00e3o de Monteiro no cen\u00e1rio paraibano\u201d, comenta Jovana Lima, professora de Educa\u00e7\u00e3o F\u00edsica e integrante do projeto.<\/p>\n\n\n\n<div class=\"wp-block-image\"><figure class=\"alignleft\"><img decoding=\"async\" data-src=\"https:\/\/i2.wp.com\/www.vitrinedocariri.com.br\/wp-content\/uploads\/2019\/10\/Atleta-Paral%C3%ADmpico7.jpg?resize=300%2C200&amp;ssl=1\" alt=\"\" class=\"wp-image-55271 lazyload\" src=\"data:image\/svg+xml;base64,PHN2ZyB3aWR0aD0iMSIgaGVpZ2h0PSIxIiB4bWxucz0iaHR0cDovL3d3dy53My5vcmcvMjAwMC9zdmciPjwvc3ZnPg==\" \/><\/figure><\/div>\n\n\n\n<p>A professora, que realiza o trabalho com os estudantes ainda apresenta um dado bastante curioso: \u201cQueremos incluir Monteiro e o Cariri como destaque nos esportes paraol\u00edmpicos e nos incluir nos n\u00fameros que revelam que a maioria dos paratletas s\u00e3o paraibanos\u201d.Os estudantes<br>Os estudantes interessados podem participar das oficinas e escolher as modalidades como Atletismo, Bocha ol\u00edmpica, v\u00f4lei e tamb\u00e9m oportunidade para o Basquete sentado, entre outros.<br><\/p>\n","protected":false},"excerpt":{"rendered":"<p>Com o objetivo de sempre promover a intera\u00e7\u00e3o e a evolu\u00e7\u00e3o dos alunos, a Rede Municipal de Ensino de Monteiro tem oferecido o incentivo aos&hellip; <\/p>\n","protected":false},"author":1,"featured_media":126695,"comment_status":"closed","ping_status":"closed","sticky":false,"template":"","format":"standard","meta":{"sfsi_plus_gutenberg_text_before_share":"","sfsi_plus_gutenberg_show_text_before_share":"","sfsi_plus_gutenberg_icon_type":"","sfsi_plus_gutenberg_icon_alignemt":"","sfsi_plus_gutenburg_max_per_row":"","footnotes":""},"categories":[14],"tags":[],"class_list":["post-126694","post","type-post","status-publish","format-standard","has-post-thumbnail","hentry","category-educacao"],"_links":{"self":[{"href":"https:\/\/www.caririemacao.com\/1\/wp-json\/wp\/v2\/posts\/126694","targetHints":{"allow":["GET"]}}],"collection":[{"href":"https:\/\/www.caririemacao.com\/1\/wp-json\/wp\/v2\/posts"}],"about":[{"href":"https:\/\/www.caririemacao.com\/1\/wp-json\/wp\/v2\/types\/post"}],"author":[{"embeddable":true,"href":"https:\/\/www.caririemacao.com\/1\/wp-json\/wp\/v2\/users\/1"}],"replies":[{"embeddable":true,"href":"https:\/\/www.caririemacao.com\/1\/wp-json\/wp\/v2\/comments?post=126694"}],"version-history":[{"count":1,"href":"https:\/\/www.caririemacao.com\/1\/wp-json\/wp\/v2\/posts\/126694\/revisions"}],"predecessor-version":[{"id":126696,"href":"https:\/\/www.caririemacao.com\/1\/wp-json\/wp\/v2\/posts\/126694\/revisions\/126696"}],"wp:featuredmedia":[{"embeddable":true,"href":"https:\/\/www.caririemacao.com\/1\/wp-json\/wp\/v2\/media\/126695"}],"wp:attachment":[{"href":"https:\/\/www.caririemacao.com\/1\/wp-json\/wp\/v2\/media?parent=126694"}],"wp:term":[{"taxonomy":"category","embeddable":true,"href":"https:\/\/www.caririemacao.com\/1\/wp-json\/wp\/v2\/categories?post=126694"},{"taxonomy":"post_tag","embeddable":true,"href":"https:\/\/www.caririemacao.com\/1\/wp-json\/wp\/v2\/tags?post=126694"}],"curies":[{"name":"wp","href":"https:\/\/api.w.org\/{rel}","templated":true}]}}