{"id":126702,"date":"2019-10-15T07:36:34","date_gmt":"2019-10-15T10:36:34","guid":{"rendered":"http:\/\/www.caririemacao.com\/1\/?p=126702"},"modified":"2019-10-15T07:36:34","modified_gmt":"2019-10-15T10:36:34","slug":"policia-ouve-oito-detidos-suspeitos-de-participar-de-estupro-coletivo-na-pb","status":"publish","type":"post","link":"https:\/\/www.caririemacao.com\/1\/2019\/10\/15\/policia-ouve-oito-detidos-suspeitos-de-participar-de-estupro-coletivo-na-pb\/","title":{"rendered":"Pol\u00edcia ouve oito detidos suspeitos de participar de estupro coletivo na PB"},"content":{"rendered":"\n<p><br>APol\u00edcia Civil ouviu nesta segunda-feira (14) o depoimento de oito pessoas, entre elas adolescentes, acusados de participar do estupro coletivo de uma mulher de 21 anos na cidade de Santa Rita.<\/p>\n\n\n\n<p>O crime ocorreu na madrugada do domingo na comunidade do cadeado, quando a resid\u00eancia da v\u00edtima foi invadida pelos acusados. Eles agrediram o marido da mulher e em seguida a levaram para outro local, onde praticaram o estupro.<\/p>\n\n\n\n<p>A pol\u00edcia acredita que o ato foi praticado como forma de vingan\u00e7a dos acusados contra o marido da mulher.<\/p>\n\n\n\n<p>No depoimento, a mulher relatou que sete homens agrediram o companheiro dela e pelo menos tr\u00eas deles praticaram o estupro. Ela n\u00e3o reconheceu nenhum dos acusados detidos nesta segunda.<\/p>\n\n\n\n<p>Os suspeitos dever\u00e3o ser encaminhados para outra delegacia, porque ainda s\u00e3o acusados da agress\u00e3o.<\/p>\n","protected":false},"excerpt":{"rendered":"<p>APol\u00edcia Civil ouviu nesta segunda-feira (14) o depoimento de oito pessoas, entre elas adolescentes, acusados de participar do estupro coletivo de uma mulher de 21&hellip; <\/p>\n","protected":false},"author":1,"featured_media":49776,"comment_status":"closed","ping_status":"closed","sticky":false,"template":"","format":"standard","meta":{"sfsi_plus_gutenberg_text_before_share":"","sfsi_plus_gutenberg_show_text_before_share":"","sfsi_plus_gutenberg_icon_type":"","sfsi_plus_gutenberg_icon_alignemt":"","sfsi_plus_gutenburg_max_per_row":"","footnotes":""},"categories":[12],"tags":[],"class_list":["post-126702","post","type-post","status-publish","format-standard","has-post-thumbnail","hentry","category-policia"],"_links":{"self":[{"href":"https:\/\/www.caririemacao.com\/1\/wp-json\/wp\/v2\/posts\/126702","targetHints":{"allow":["GET"]}}],"collection":[{"href":"https:\/\/www.caririemacao.com\/1\/wp-json\/wp\/v2\/posts"}],"about":[{"href":"https:\/\/www.caririemacao.com\/1\/wp-json\/wp\/v2\/types\/post"}],"author":[{"embeddable":true,"href":"https:\/\/www.caririemacao.com\/1\/wp-json\/wp\/v2\/users\/1"}],"replies":[{"embeddable":true,"href":"https:\/\/www.caririemacao.com\/1\/wp-json\/wp\/v2\/comments?post=126702"}],"version-history":[{"count":1,"href":"https:\/\/www.caririemacao.com\/1\/wp-json\/wp\/v2\/posts\/126702\/revisions"}],"predecessor-version":[{"id":126703,"href":"https:\/\/www.caririemacao.com\/1\/wp-json\/wp\/v2\/posts\/126702\/revisions\/126703"}],"wp:featuredmedia":[{"embeddable":true,"href":"https:\/\/www.caririemacao.com\/1\/wp-json\/wp\/v2\/media\/49776"}],"wp:attachment":[{"href":"https:\/\/www.caririemacao.com\/1\/wp-json\/wp\/v2\/media?parent=126702"}],"wp:term":[{"taxonomy":"category","embeddable":true,"href":"https:\/\/www.caririemacao.com\/1\/wp-json\/wp\/v2\/categories?post=126702"},{"taxonomy":"post_tag","embeddable":true,"href":"https:\/\/www.caririemacao.com\/1\/wp-json\/wp\/v2\/tags?post=126702"}],"curies":[{"name":"wp","href":"https:\/\/api.w.org\/{rel}","templated":true}]}}