{"id":126704,"date":"2019-10-15T07:37:29","date_gmt":"2019-10-15T10:37:29","guid":{"rendered":"http:\/\/www.caririemacao.com\/1\/?p=126704"},"modified":"2019-10-15T07:37:29","modified_gmt":"2019-10-15T10:37:29","slug":"apos-discussao-por-celular-homem-e-morto-no-agreste-da-paraiba","status":"publish","type":"post","link":"https:\/\/www.caririemacao.com\/1\/2019\/10\/15\/apos-discussao-por-celular-homem-e-morto-no-agreste-da-paraiba\/","title":{"rendered":"Ap\u00f3s discuss\u00e3o por celular, homem \u00e9 morto no Agreste da Para\u00edba"},"content":{"rendered":"\n<p>Por causa de um sumi\u00e7o de celular na madrugada desta segunda-feira (14), no munic\u00edpio de Alagoa Nova, no Agreste paraibano, um homem de 29 anos foi assassinado.<\/p>\n\n\n\n<p>Segundo informa\u00e7\u00f5es, o suspeito de cometer o crime estaria em uma resid\u00eancia onde havia cinco pessoas bebendo.<\/p>\n\n\n\n<p>&nbsp;Ao sair do local, ele esqueceu o celular. Entretanto, ao retornar a casa para buscar o aparelho n\u00e3o o encontrou.<\/p>\n\n\n\n<p>A vitima foi acusada pelo suspeito de ser o autor do furto. Ap\u00f3s uma discuss\u00e3o, o homem foi esfaqueado e faleceu devido aos ferimentos. O suspeito de cometer o crime fugiu.<br><\/p>\n","protected":false},"excerpt":{"rendered":"<p>Por causa de um sumi\u00e7o de celular na madrugada desta segunda-feira (14), no munic\u00edpio de Alagoa Nova, no Agreste paraibano, um homem de 29 anos&hellip; <\/p>\n","protected":false},"author":1,"featured_media":126705,"comment_status":"closed","ping_status":"closed","sticky":false,"template":"","format":"standard","meta":{"sfsi_plus_gutenberg_text_before_share":"","sfsi_plus_gutenberg_show_text_before_share":"","sfsi_plus_gutenberg_icon_type":"","sfsi_plus_gutenberg_icon_alignemt":"","sfsi_plus_gutenburg_max_per_row":"","footnotes":""},"categories":[12],"tags":[],"class_list":["post-126704","post","type-post","status-publish","format-standard","has-post-thumbnail","hentry","category-policia"],"_links":{"self":[{"href":"https:\/\/www.caririemacao.com\/1\/wp-json\/wp\/v2\/posts\/126704","targetHints":{"allow":["GET"]}}],"collection":[{"href":"https:\/\/www.caririemacao.com\/1\/wp-json\/wp\/v2\/posts"}],"about":[{"href":"https:\/\/www.caririemacao.com\/1\/wp-json\/wp\/v2\/types\/post"}],"author":[{"embeddable":true,"href":"https:\/\/www.caririemacao.com\/1\/wp-json\/wp\/v2\/users\/1"}],"replies":[{"embeddable":true,"href":"https:\/\/www.caririemacao.com\/1\/wp-json\/wp\/v2\/comments?post=126704"}],"version-history":[{"count":1,"href":"https:\/\/www.caririemacao.com\/1\/wp-json\/wp\/v2\/posts\/126704\/revisions"}],"predecessor-version":[{"id":126706,"href":"https:\/\/www.caririemacao.com\/1\/wp-json\/wp\/v2\/posts\/126704\/revisions\/126706"}],"wp:featuredmedia":[{"embeddable":true,"href":"https:\/\/www.caririemacao.com\/1\/wp-json\/wp\/v2\/media\/126705"}],"wp:attachment":[{"href":"https:\/\/www.caririemacao.com\/1\/wp-json\/wp\/v2\/media?parent=126704"}],"wp:term":[{"taxonomy":"category","embeddable":true,"href":"https:\/\/www.caririemacao.com\/1\/wp-json\/wp\/v2\/categories?post=126704"},{"taxonomy":"post_tag","embeddable":true,"href":"https:\/\/www.caririemacao.com\/1\/wp-json\/wp\/v2\/tags?post=126704"}],"curies":[{"name":"wp","href":"https:\/\/api.w.org\/{rel}","templated":true}]}}