{"id":126709,"date":"2019-10-15T07:42:18","date_gmt":"2019-10-15T10:42:18","guid":{"rendered":"http:\/\/www.caririemacao.com\/1\/?p=126709"},"modified":"2019-10-15T07:42:18","modified_gmt":"2019-10-15T10:42:18","slug":"atletico-de-cajazeiras-anuncia-lateral-e-ja-soma-19-contratacoes","status":"publish","type":"post","link":"https:\/\/www.caririemacao.com\/1\/2019\/10\/15\/atletico-de-cajazeiras-anuncia-lateral-e-ja-soma-19-contratacoes\/","title":{"rendered":"Atl\u00e9tico de Cajazeiras anuncia lateral e j\u00e1 soma 19 contrata\u00e7\u00f5es"},"content":{"rendered":"\n<p><br>Adiretoria do Atl\u00e9tico de Cajazeiras deu prosseguimento, nesta segunda-feira (14), sempre atrav\u00e9s das redes sociais, \u00e0 montagem da equipe para as disputas da temporada 2020.<\/p>\n\n\n\n<p>A bola da vez \u00e9 o lateral direito Pepinho, de 23 anos, que j\u00e1 teve passagens por Gr\u00eamio Barueri-SP, S\u00e3o Bernardo-SP, Flamengo-SP, Elosport-SP e Veres Rivne-Ucr\u00e2nia.<\/p>\n\n\n\n<figure class=\"wp-block-image\"><img decoding=\"async\" data-src=\"https:\/\/paraibaonline.com.br\/wp-content\/uploads\/2019\/10\/Pepinho.jpg\" alt=\"\" class=\"wp-image-812737 lazyload\" src=\"data:image\/svg+xml;base64,PHN2ZyB3aWR0aD0iMSIgaGVpZ2h0PSIxIiB4bWxucz0iaHR0cDovL3d3dy53My5vcmcvMjAwMC9zdmciPjwvc3ZnPg==\" \/><\/figure>\n\n\n\n<p>Imagem: Reprodu\u00e7\u00e7\u00e3o \u2013 Instagram \/ Atl\u00e9tico de Cajazeiras<\/p>\n\n\n\n<p>Segundo o an\u00fancio do time sertanejo, inclusive, o atleta \u00e9 polivalente e tamb\u00e9m atua como meio-campista.<\/p>\n\n\n\n<p>A chegada de Pepinho deve fechar a cota de procura do clube para a posi\u00e7\u00e3o, j\u00e1 que ele \u00e9 a quarta pe\u00e7a do plantel para o setor. Al\u00e9m do atleta, o Torv\u00e3o Azul j\u00e1 conta com Filipinho, Pedrinho e Felipe.<\/p>\n\n\n\n<p>At\u00e9 agora, ao todo, o Atl\u00e9tico de Cajazeiras j\u00e1 soma 19 jogadores em seu elenco, com grande parte dos atletas com passagem pelo pr\u00f3prio clube alviaazulino na grande campanha da equipe no Campeonato Paraibano deste ano.<\/p>\n\n\n\n<p>Com \u00c9derson Ara\u00fajo como treinador, a equipe vai disputar o estadual e a S\u00e9rie D do Campeonato Brasileiro no pr\u00f3ximo ano.<\/p>\n\n\n\n<p><strong>Veja o elenco do Atl\u00e9tico-PB para a temporada 2020 at\u00e9 o momento.<\/strong><\/p>\n\n\n\n<p>Goleiros:&nbsp;Rafael Mariano e Henrique (base)<br>Laterais-direitos:&nbsp;Filipinho, Pedrinho (base), Felipe (base), Pepinho<br>Zagueiros:&nbsp;Fernando e Gean (base)<br>Laterais-esquerdos:&nbsp;Jackinha, Davi<br>Volantes:&nbsp;Ferrugem (base), C\u00e1ssio, Ca\u00edque<br>Meias:&nbsp;Marcinho, Gabriel Mendes<br>Atacantes:&nbsp;Lucas Carioca (base), Luan (base), Rodolfo Freitas, Yerien<br>T\u00e9cnico:&nbsp;Ederson Ara\u00fajo<\/p>\n","protected":false},"excerpt":{"rendered":"<p>Adiretoria do Atl\u00e9tico de Cajazeiras deu prosseguimento, nesta segunda-feira (14), sempre atrav\u00e9s das redes sociais, \u00e0 montagem da equipe para as disputas da temporada 2020.&hellip; <\/p>\n","protected":false},"author":1,"featured_media":126710,"comment_status":"closed","ping_status":"closed","sticky":false,"template":"","format":"standard","meta":{"sfsi_plus_gutenberg_text_before_share":"","sfsi_plus_gutenberg_show_text_before_share":"","sfsi_plus_gutenberg_icon_type":"","sfsi_plus_gutenberg_icon_alignemt":"","sfsi_plus_gutenburg_max_per_row":"","footnotes":""},"categories":[13],"tags":[],"class_list":["post-126709","post","type-post","status-publish","format-standard","has-post-thumbnail","hentry","category-esportes"],"_links":{"self":[{"href":"https:\/\/www.caririemacao.com\/1\/wp-json\/wp\/v2\/posts\/126709","targetHints":{"allow":["GET"]}}],"collection":[{"href":"https:\/\/www.caririemacao.com\/1\/wp-json\/wp\/v2\/posts"}],"about":[{"href":"https:\/\/www.caririemacao.com\/1\/wp-json\/wp\/v2\/types\/post"}],"author":[{"embeddable":true,"href":"https:\/\/www.caririemacao.com\/1\/wp-json\/wp\/v2\/users\/1"}],"replies":[{"embeddable":true,"href":"https:\/\/www.caririemacao.com\/1\/wp-json\/wp\/v2\/comments?post=126709"}],"version-history":[{"count":1,"href":"https:\/\/www.caririemacao.com\/1\/wp-json\/wp\/v2\/posts\/126709\/revisions"}],"predecessor-version":[{"id":126711,"href":"https:\/\/www.caririemacao.com\/1\/wp-json\/wp\/v2\/posts\/126709\/revisions\/126711"}],"wp:featuredmedia":[{"embeddable":true,"href":"https:\/\/www.caririemacao.com\/1\/wp-json\/wp\/v2\/media\/126710"}],"wp:attachment":[{"href":"https:\/\/www.caririemacao.com\/1\/wp-json\/wp\/v2\/media?parent=126709"}],"wp:term":[{"taxonomy":"category","embeddable":true,"href":"https:\/\/www.caririemacao.com\/1\/wp-json\/wp\/v2\/categories?post=126709"},{"taxonomy":"post_tag","embeddable":true,"href":"https:\/\/www.caririemacao.com\/1\/wp-json\/wp\/v2\/tags?post=126709"}],"curies":[{"name":"wp","href":"https:\/\/api.w.org\/{rel}","templated":true}]}}