{"id":126729,"date":"2019-10-15T07:52:41","date_gmt":"2019-10-15T10:52:41","guid":{"rendered":"http:\/\/www.caririemacao.com\/1\/?p=126729"},"modified":"2019-10-15T07:52:41","modified_gmt":"2019-10-15T10:52:41","slug":"brasil-e-ouro-em-mundiais-de-ginastica-artistica-e-boxe","status":"publish","type":"post","link":"https:\/\/www.caririemacao.com\/1\/2019\/10\/15\/brasil-e-ouro-em-mundiais-de-ginastica-artistica-e-boxe\/","title":{"rendered":"Brasil \u00e9 ouro em mundiais de Gin\u00e1stica Art\u00edstica e Boxe"},"content":{"rendered":"\n<p>O \u00faltimo domingo (13) foi especial para dois atletas brasileiros. O ginasta Arthur Nory, de 26 anos, conquistou o t\u00edtulo na barra fixa do Mundial de Gin\u00e1stica Art\u00edstica, em Stuttgart (Alemanha). E a pugilista Bia Ferreira, de 27 anos, tamb\u00e9m fez hist\u00f3ria ao conquistar o t\u00edtulo na categoria at\u00e9 60 Kg do Mundial de Boxe, em Ulan-Ude (R\u00fassia).<\/p>\n\n\n\n<p>Atual vice-campe\u00e3o pan-americano, Arthur Nory completou com precis\u00e3o a s\u00e9rie na barra fixa e deu show ao executar acrobacias de grande dificuldade, alcan\u00e7ando a nota mais alta (14,900 pontos) no aparelho.&nbsp;<\/p>\n\n\n\n<p>Ele ficou bem acima do segundo colocado, o croata Tin Srbic (14,666 pontos), campe\u00e3o mundial em 2017. O russo Artur Dalaloyan (14,533 pontos) ficou com o bronze.&nbsp;<\/p>\n\n\n\n<p>O ouro conquistado por Nory foi a \u00fanica medalha do Brasil no Mundial. No masculino, o pa\u00eds conseguiu apenas a classifica\u00e7\u00e3o por equipes. J\u00e1 a equipe feminina ter\u00e1 que lutar por uma vaga. A exce\u00e7\u00e3o \u00e9 Fl\u00e1via Saraiva, com vaga assegurada em T\u00f3quio no individual geral.<\/p>\n\n\n\n<p><strong>Ouro no Boxe<\/strong><\/p>\n\n\n\n<p>A pugilista Beatriz Ferreira, atual campe\u00e3 pan-americana e uma das principais apostas para os Jogos de T\u00f3quio 2020, subiu no lugar mais alto do p\u00f3dio na categoria at\u00e9 60 Kg do Mundial de Boxe. A brasileira venceu de forma incontest\u00e1vel a chinesa Cong Wang.<\/p>\n\n\n\n<p>A competi\u00e7\u00e3o, organizada pela Associa\u00e7\u00e3o Internacional de Boxe (AIBA), n\u00e3o \u00e9 classificat\u00f3ria para T\u00f3quio 2020, mas vale como term\u00f4metro da prepara\u00e7\u00e3o da atleta, que ainda busca uma vaga na principal competi\u00e7\u00e3o esportiva do planeta.&nbsp;<\/p>\n\n\n\n<p>A pugilista ter\u00e1 duas chances para garantir uma vaga em T\u00f3quio 2020. A primeira \u00e9 no Pr\u00e9-Ol\u00edmpico das Am\u00e9ricas, em mar\u00e7o de 2020 em Buenos Aires, e a segunda \u00e9 no Pr\u00e9-Ol\u00edmpico Mundial, em maio do mesmo ano.<\/p>\n","protected":false},"excerpt":{"rendered":"<p>O \u00faltimo domingo (13) foi especial para dois atletas brasileiros. O ginasta Arthur Nory, de 26 anos, conquistou o t\u00edtulo na barra fixa do Mundial&hellip; <\/p>\n","protected":false},"author":1,"featured_media":126730,"comment_status":"closed","ping_status":"closed","sticky":false,"template":"","format":"standard","meta":{"sfsi_plus_gutenberg_text_before_share":"","sfsi_plus_gutenberg_show_text_before_share":"","sfsi_plus_gutenberg_icon_type":"","sfsi_plus_gutenberg_icon_alignemt":"","sfsi_plus_gutenburg_max_per_row":"","footnotes":""},"categories":[13],"tags":[],"class_list":["post-126729","post","type-post","status-publish","format-standard","has-post-thumbnail","hentry","category-esportes"],"_links":{"self":[{"href":"https:\/\/www.caririemacao.com\/1\/wp-json\/wp\/v2\/posts\/126729","targetHints":{"allow":["GET"]}}],"collection":[{"href":"https:\/\/www.caririemacao.com\/1\/wp-json\/wp\/v2\/posts"}],"about":[{"href":"https:\/\/www.caririemacao.com\/1\/wp-json\/wp\/v2\/types\/post"}],"author":[{"embeddable":true,"href":"https:\/\/www.caririemacao.com\/1\/wp-json\/wp\/v2\/users\/1"}],"replies":[{"embeddable":true,"href":"https:\/\/www.caririemacao.com\/1\/wp-json\/wp\/v2\/comments?post=126729"}],"version-history":[{"count":1,"href":"https:\/\/www.caririemacao.com\/1\/wp-json\/wp\/v2\/posts\/126729\/revisions"}],"predecessor-version":[{"id":126731,"href":"https:\/\/www.caririemacao.com\/1\/wp-json\/wp\/v2\/posts\/126729\/revisions\/126731"}],"wp:featuredmedia":[{"embeddable":true,"href":"https:\/\/www.caririemacao.com\/1\/wp-json\/wp\/v2\/media\/126730"}],"wp:attachment":[{"href":"https:\/\/www.caririemacao.com\/1\/wp-json\/wp\/v2\/media?parent=126729"}],"wp:term":[{"taxonomy":"category","embeddable":true,"href":"https:\/\/www.caririemacao.com\/1\/wp-json\/wp\/v2\/categories?post=126729"},{"taxonomy":"post_tag","embeddable":true,"href":"https:\/\/www.caririemacao.com\/1\/wp-json\/wp\/v2\/tags?post=126729"}],"curies":[{"name":"wp","href":"https:\/\/api.w.org\/{rel}","templated":true}]}}