{"id":126759,"date":"2019-10-15T09:07:27","date_gmt":"2019-10-15T12:07:27","guid":{"rendered":"http:\/\/www.caririemacao.com\/1\/?p=126759"},"modified":"2019-10-15T09:07:27","modified_gmt":"2019-10-15T12:07:27","slug":"suspeitos-filmaram-momento-em-que-estupravam-mulher-em-santa-rita","status":"publish","type":"post","link":"https:\/\/www.caririemacao.com\/1\/2019\/10\/15\/suspeitos-filmaram-momento-em-que-estupravam-mulher-em-santa-rita\/","title":{"rendered":"Suspeitos filmaram momento em que estupravam mulher em Santa Rita"},"content":{"rendered":"\n<p>O grupo suspeito de estuprar mulher, na cidade de Santa Rita, foi preso nesta segunda-feira (14), ap\u00f3s uma opera\u00e7\u00e3o integrada das Pol\u00edcias Civil e Militar.<\/p>\n\n\n\n<p>&nbsp;Durante o depoimento \u00e0 pol\u00edcia teve acesso a um v\u00eddeo do momento em que os suspeitos estupram a mulher. De acordo com a Pol\u00edcia, as imagens que s\u00e3o muito fortes mostram a jovem despida, enquanto o grupo comete o abuso.&nbsp;<\/p>\n\n\n\n<p>Ainda de acordo com a Pol\u00edcia, alguns dos suspeitos tocam na parte \u00edntima da v\u00edtima e um deles chama os outros para continuarem o estupro. No v\u00eddeo \u00e9 poss\u00edvel ver que eles cometem o crime sem o uso de preservativo.&nbsp;<\/p>\n\n\n\n<p>De acordo com a delegada respons\u00e1vel pelo caso, a v\u00edtima \u00e9 a HIV Positivo e confirmou em depoimento que foi estuprada por cinco homens.&nbsp;<\/p>\n\n\n\n<p>O crime aconteceu na madrugada do \u00faltimo domingo (13), quando ela e o marido dormiam e tiveram a casa invadida por sete homens. O grupo espancou o marido a pauladas e a raptaram e levaram para uma regi\u00e3o conhecida como Matadouro onde o estupro aconteceu.<\/p>\n\n\n\n<p>O homem segue internado no Hospital de Trauma de Jo\u00e3o Pessoa. O estado de sa\u00fade \u00e9 considerado est\u00e1vel.&nbsp;<\/p>\n","protected":false},"excerpt":{"rendered":"<p>O grupo suspeito de estuprar mulher, na cidade de Santa Rita, foi preso nesta segunda-feira (14), ap\u00f3s uma opera\u00e7\u00e3o integrada das Pol\u00edcias Civil e Militar.&hellip; <\/p>\n","protected":false},"author":1,"featured_media":126763,"comment_status":"closed","ping_status":"closed","sticky":false,"template":"","format":"standard","meta":{"sfsi_plus_gutenberg_text_before_share":"","sfsi_plus_gutenberg_show_text_before_share":"","sfsi_plus_gutenberg_icon_type":"","sfsi_plus_gutenberg_icon_alignemt":"","sfsi_plus_gutenburg_max_per_row":"","footnotes":""},"categories":[12],"tags":[],"class_list":["post-126759","post","type-post","status-publish","format-standard","has-post-thumbnail","hentry","category-policia"],"_links":{"self":[{"href":"https:\/\/www.caririemacao.com\/1\/wp-json\/wp\/v2\/posts\/126759","targetHints":{"allow":["GET"]}}],"collection":[{"href":"https:\/\/www.caririemacao.com\/1\/wp-json\/wp\/v2\/posts"}],"about":[{"href":"https:\/\/www.caririemacao.com\/1\/wp-json\/wp\/v2\/types\/post"}],"author":[{"embeddable":true,"href":"https:\/\/www.caririemacao.com\/1\/wp-json\/wp\/v2\/users\/1"}],"replies":[{"embeddable":true,"href":"https:\/\/www.caririemacao.com\/1\/wp-json\/wp\/v2\/comments?post=126759"}],"version-history":[{"count":1,"href":"https:\/\/www.caririemacao.com\/1\/wp-json\/wp\/v2\/posts\/126759\/revisions"}],"predecessor-version":[{"id":126764,"href":"https:\/\/www.caririemacao.com\/1\/wp-json\/wp\/v2\/posts\/126759\/revisions\/126764"}],"wp:featuredmedia":[{"embeddable":true,"href":"https:\/\/www.caririemacao.com\/1\/wp-json\/wp\/v2\/media\/126763"}],"wp:attachment":[{"href":"https:\/\/www.caririemacao.com\/1\/wp-json\/wp\/v2\/media?parent=126759"}],"wp:term":[{"taxonomy":"category","embeddable":true,"href":"https:\/\/www.caririemacao.com\/1\/wp-json\/wp\/v2\/categories?post=126759"},{"taxonomy":"post_tag","embeddable":true,"href":"https:\/\/www.caririemacao.com\/1\/wp-json\/wp\/v2\/tags?post=126759"}],"curies":[{"name":"wp","href":"https:\/\/api.w.org\/{rel}","templated":true}]}}