{"id":126762,"date":"2019-10-15T09:29:51","date_gmt":"2019-10-15T12:29:51","guid":{"rendered":"http:\/\/www.caririemacao.com\/1\/?p=126762"},"modified":"2019-10-15T09:29:51","modified_gmt":"2019-10-15T12:29:51","slug":"xuxa-faz-apelo-por-inclusao-de-pessoas-com-deficiencia-nossas-leis-nao-os-protegem","status":"publish","type":"post","link":"https:\/\/www.caririemacao.com\/1\/2019\/10\/15\/xuxa-faz-apelo-por-inclusao-de-pessoas-com-deficiencia-nossas-leis-nao-os-protegem\/","title":{"rendered":"Xuxa faz apelo por inclus\u00e3o de pessoas com defici\u00eancia: &#8216;Nossas leis n\u00e3o os protegem&#8217;"},"content":{"rendered":"\n<p> Embaixadora da ONG Serendipidade, que d\u00e1 assist\u00eancia a crian\u00e7as com s\u00edndrome de Down, Xuxa chamou aten\u00e7\u00e3o para a import\u00e2ncia da inclus\u00e3o durante evento da institui\u00e7\u00e3o na \u00faltima segunda-feira (14).<br><\/p>\n\n\n\n<p>No evento, realizado em S\u00e3o Paulo, Xuxa falou sobre sua miss\u00e3o no projeto e levou os presentes \u00e0s l\u00e1grimas ao mostrar um v\u00eddeo com imagens de seu programa nos anos 1980, em que interagia com crian\u00e7as com defici\u00eancia. O namorado Junno, que a acompanhou, n\u00e3o conseguiu segurar a emo\u00e7\u00e3o.<\/p>\n\n\n\n<p>&#8220;Eu sempre trabalhei para crian\u00e7as e nunca aceitei que houvesse uma separa\u00e7\u00e3o entre crian\u00e7as ditas como &#8216;normais&#8217; ou &#8216;especiais&#8217;. Eu colocava na frente do palco crian\u00e7as com o rostinho queimado. N\u00e3o fazia isso para chocar ningu\u00e9m, fazia isso porque eu n\u00e3o diferencio entre uma crian\u00e7a e outra&#8221;, contou Xuxa.<\/p>\n\n\n\n<p>Sem papas na l\u00edngua, como sempre, a apresentadora se mostrou indignada com a falta de conscientiza\u00e7\u00e3o e de cobran\u00e7a do brasileiro pela inclus\u00e3o.<\/p>\n\n\n\n<p>&#8220;Infelizmente a maioria das pessoas s\u00f3 se preocupa com a causa quando s\u00e3o atingidos pessoalmente, quando tem algu\u00e9m na fam\u00edlia com alguma necessidade. A gente tem que exigir isso como sociedade, n\u00e3o se preocupar s\u00f3 quando est\u00e1 na nossa casa&#8221;, chamou aten\u00e7\u00e3o.<\/p>\n\n\n\n<p>Segundo ela, um dos problemas mais urgentes \u00e9 a falta de acessibilidade e inclus\u00e3o nas escolas.<\/p>\n\n\n\n<p>&#8220;Nossas leis n\u00e3o protegem essas crian\u00e7as. A gente n\u00e3o pode mais ter escolas em que a cadeira de rodas n\u00e3o passa na porta, em que n\u00e3o tem rampa. N\u00e3o podemos ter escolas onde n\u00e3o tem algu\u00e9m que fale LIBRAS, onde n\u00e3o tem um apoiador para quem \u00e9 cego, onde n\u00e3o tem uma professora preparada para lidar com um aluno autista&#8221;, lamentou.<\/p>\n\n\n\n<p>A apresentadora, que tamb\u00e9m \u00e9 falante da l\u00edngua brasileira de sinais, conta que chegou \u00e0 ONG Serendipidade atrav\u00e9s de seu s\u00f3cio na Espa\u00e7o Laser, Paulo Morais, que tamb\u00e9m estava presente na festa.<\/p>\n\n\n\n<p>Fundada por Henri e Marina Zylberstain, pais de um menino de 2 anos com Down, a institui\u00e7\u00e3o sem fins lucrativos fornece fisioterapia e tratamento individual com educadores f\u00edsicos para 32 crian\u00e7as, al\u00e9m de apoio psicol\u00f3gico a pais que acabaram de receber o diagn\u00f3stico.<\/p>\n\n\n\n<p>A ONG tem parcerias com marcas de renome como a Vivara, que lan\u00e7ou uma linha de pingentes com o s\u00edmbolo do autismo e da s\u00edndrome de Down, e a pr\u00f3pria Espa\u00e7o Laser, de Xuxa.<\/p>\n\n\n\n<p>No evento, executivos e socialites se misturavam a crian\u00e7as, pais e educadores. Uma prancha do surfista Gabriel Medina foi arrematada no leil\u00e3o por R$ 20 mil. O m\u00fasico Dudu do Cavaco, que tem Down, animou a noite tocando cl\u00e1ssicos do samba.<\/p>\n\n\n\n<p>&#8220;Essas pessoas s\u00e3o anjos e a gente tem a obriga\u00e7\u00e3o de cuidar delas com muito carinho. N\u00e3o existem col\u00e9gios, m\u00e9dicos, lugares apropriados. O Brasil \u00e9 imenso, imagina quantos pais e respons\u00e1veis est\u00e3o perdidos, sem assist\u00eancia. A gente ainda precisa fazer campanhas, se unir, falar sobre um assunto que est\u00e1 na nossa cara e a gente n\u00e3o quer ver&#8221;, enfatizou Xuxa.<\/p>\n\n\n\n<p>&#8220;Quero poder dar voz aos que n\u00e3o tem voz. Queria andar para todos os lugares por aqueles que n\u00e3o podem se locomover. Mas qualquer coisa que eu fizer n\u00e3o vai ser nem a metade da metade da metade do amor que eu recebi. Amor verdadeiro. Eu ainda estou em d\u00edvida com eles&#8221;, encerrou.<br><\/p>\n\n\n\n<p><strong>Filha mission\u00e1ria&nbsp;<\/strong><\/p>\n\n\n\n<p>Orgulhosa da filha Sasha, de 21 anos, Xuxa contou que a jovem tem ainda mais intimidade que ela com o &#8220;cara l\u00e1 de cima&#8221;, e que o lado humanista tamb\u00e9m se desenvolveu na filha.<\/p>\n\n\n\n<p>&#8220;A f\u00e9 da Sasha \u00e9 mais forte que a minha. Ela quer passar o Natal e ano novo na \u00c1frica ajudando as pessoas, ela se considera uma mission\u00e1ria&#8221;, revelou.<\/p>\n\n\n\n<p>Aos 56, Xuxa n\u00e3o v\u00ea a hora de ser av\u00f3. &#8220;\u00c9 o que eu mais quero! Mas n\u00e3o quero for\u00e7ar a barra. Estou na torcida, deixa ela encontrar algu\u00e9m que ela goste muito&#8221;.<\/p>\n","protected":false},"excerpt":{"rendered":"<p>Embaixadora da ONG Serendipidade, que d\u00e1 assist\u00eancia a crian\u00e7as com s\u00edndrome de Down, Xuxa chamou aten\u00e7\u00e3o para a import\u00e2ncia da inclus\u00e3o durante evento da institui\u00e7\u00e3o&hellip; <\/p>\n","protected":false},"author":1,"featured_media":126780,"comment_status":"closed","ping_status":"closed","sticky":false,"template":"","format":"standard","meta":{"sfsi_plus_gutenberg_text_before_share":"","sfsi_plus_gutenberg_show_text_before_share":"","sfsi_plus_gutenberg_icon_type":"","sfsi_plus_gutenberg_icon_alignemt":"","sfsi_plus_gutenburg_max_per_row":"","footnotes":""},"categories":[2],"tags":[],"class_list":["post-126762","post","type-post","status-publish","format-standard","has-post-thumbnail","hentry","category-geral"],"_links":{"self":[{"href":"https:\/\/www.caririemacao.com\/1\/wp-json\/wp\/v2\/posts\/126762","targetHints":{"allow":["GET"]}}],"collection":[{"href":"https:\/\/www.caririemacao.com\/1\/wp-json\/wp\/v2\/posts"}],"about":[{"href":"https:\/\/www.caririemacao.com\/1\/wp-json\/wp\/v2\/types\/post"}],"author":[{"embeddable":true,"href":"https:\/\/www.caririemacao.com\/1\/wp-json\/wp\/v2\/users\/1"}],"replies":[{"embeddable":true,"href":"https:\/\/www.caririemacao.com\/1\/wp-json\/wp\/v2\/comments?post=126762"}],"version-history":[{"count":1,"href":"https:\/\/www.caririemacao.com\/1\/wp-json\/wp\/v2\/posts\/126762\/revisions"}],"predecessor-version":[{"id":126781,"href":"https:\/\/www.caririemacao.com\/1\/wp-json\/wp\/v2\/posts\/126762\/revisions\/126781"}],"wp:featuredmedia":[{"embeddable":true,"href":"https:\/\/www.caririemacao.com\/1\/wp-json\/wp\/v2\/media\/126780"}],"wp:attachment":[{"href":"https:\/\/www.caririemacao.com\/1\/wp-json\/wp\/v2\/media?parent=126762"}],"wp:term":[{"taxonomy":"category","embeddable":true,"href":"https:\/\/www.caririemacao.com\/1\/wp-json\/wp\/v2\/categories?post=126762"},{"taxonomy":"post_tag","embeddable":true,"href":"https:\/\/www.caririemacao.com\/1\/wp-json\/wp\/v2\/tags?post=126762"}],"curies":[{"name":"wp","href":"https:\/\/api.w.org\/{rel}","templated":true}]}}