{"id":126770,"date":"2019-10-15T09:17:46","date_gmt":"2019-10-15T12:17:46","guid":{"rendered":"http:\/\/www.caririemacao.com\/1\/?p=126770"},"modified":"2019-10-15T09:17:46","modified_gmt":"2019-10-15T12:17:46","slug":"pressao-da-familia-cria-impasse-sobre-saida-de-bolsonaro-do-psl","status":"publish","type":"post","link":"https:\/\/www.caririemacao.com\/1\/2019\/10\/15\/pressao-da-familia-cria-impasse-sobre-saida-de-bolsonaro-do-psl\/","title":{"rendered":"Press\u00e3o da fam\u00edlia cria impasse sobre sa\u00edda de Bolsonaro do PSL"},"content":{"rendered":"\n<p>Filhos do presidente Jair Bolsonaro, o deputado Eduardo Bolsonaro (PSL-SP) e o senador Fl\u00e1vio Bolsonaro (PSL-RJ) atuam para tentar contornar a crise interna no PSL.<\/p>\n\n\n\n<p>De acordo com relatos feitos \u00e0 reportagem, os dois buscam uma solu\u00e7\u00e3o para evitar que o pai deixe o partido e, assim, provoque uma debandada em massa de integrantes da sigla.<\/p>\n\n\n\n<p>Hoje, Eduardo e Fl\u00e1vio controlam, respectivamente, os diret\u00f3rios do PSL em S\u00e3o Paulo e no Rio de Janeiro.<\/p>\n\n\n\n<p>Uma ruptura com o partido teria impacto direto para os congressistas em seus estados -que figuram entre os cinco maiores col\u00e9gios eleitorais do pa\u00eds.<\/p>\n\n\n\n<p>Al\u00e9m disso, tamb\u00e9m pesa o fato de que, hoje, o PSL \u00e9 o partido com a maior fatia de dinheiro p\u00fablico entre todos os 32 registrados no TSE (Tribunal Superior Eleitoral).<\/p>\n\n\n\n<p>Em 2020, somando os fundos partid\u00e1rio e eleitoral, o PSL pode ter em caixa R$ 350 milh\u00f5es -o valor leva em conta as estimativas de R$ 1 bilh\u00e3o para o fundo partid\u00e1rio, e os R$ 2,5 bilh\u00f5es propostos pelo governo para o fundo eleitoral.<\/p>\n\n\n\n<p>De acordo com aliados de Fl\u00e1vio, o aceno da ala da sigla ligada ao deputado Luciano Bivar (PSL-PE), atual presidente do partido, ao governador do Rio, Wilson Witzel (PSC), preocupou o senador.<\/p>\n\n\n\n<p>A avalia\u00e7\u00e3o \u00e9 a de que o filho mais velho do presidente -que trava um embate p\u00fablico com o chefe do Executivo fluminense- seria o principal prejudicado se o pai optar pela desfilia\u00e7\u00e3o do PSL.<\/p>\n\n\n\n<p>Sem sa\u00edda, ele teria de acompanhar o presidente e perderia capital pol\u00edtico no Rio. Por isso, desde o in\u00edcio da crise, Fl\u00e1vio tem atuado para tentar contornar as desaven\u00e7as.<\/p>\n\n\n\n<p>Nesta segunda-feira (14), ao participar de um evento em S\u00e3o Paulo, Eduardo afirmou que a crise \u201c\u00e9 contorn\u00e1vel\u201d. \u201cS\u00f3 para morte n\u00e3o existe solu\u00e7\u00e3o\u201d, disse ap\u00f3s um debate sobre reforma tribut\u00e1ria na Band.<\/p>\n\n\n\n<p>A agenda de Bolsonaro nesta segunda foi marcada por uma s\u00e9rie de reuni\u00f5es para discutir seu futuro partid\u00e1rio.<\/p>\n\n\n\n<p>Pela manh\u00e3, ele recebeu os advogados Karina Kufa e Admar Gonzaga, que \u00e9 ex-ministro do TSE (Tribunal Superior Eleitoral), respons\u00e1veis por buscar uma sa\u00edda jur\u00eddica diante do impasse com o PSL.<\/p>\n\n\n\n<p>Pouco antes, Fl\u00e1vio esteve no Pal\u00e1cio do Planalto.<\/p>\n\n\n\n<p>O grupo ligado a Bivar admite que os filhos fizeram gestos de reaproxima\u00e7\u00e3o na semana passada, mas que, desde ent\u00e3o, a temperatura interna s\u00f3 subiu.<\/p>\n\n\n\n<p>Hoje, de acordo com esses relatos, uma ala da bancada do PSL n\u00e3o topa a reconcilia\u00e7\u00e3o e tem atuado para que a desfilia\u00e7\u00e3o de Bolsonaro e de seu grupo aconte\u00e7a o quanto antes.<\/p>\n\n\n\n<p>A tentativa de apaziguar os \u00e2nimos tamb\u00e9m surgiu em meio \u00e0 avalia\u00e7\u00e3o de que, hoje, n\u00e3o h\u00e1 clima para a cria\u00e7\u00e3o de um novo partido. Bolsonaro foi aconselhado por seus advogados a n\u00e3o abra\u00e7ar esse caminho.<\/p>\n\n\n\n<p>O cen\u00e1rio apresentado \u00e9 o de que, al\u00e9m de o TSE n\u00e3o estar disposto a validar a cria\u00e7\u00e3o de uma 33\u00aa sigla, a opini\u00e3o p\u00fablica n\u00e3o receberia bem a ideia de que Bolsonaro estaria construindo um partido para chamar de seu.<\/p>\n\n\n\n<p>Nesta segunda, o l\u00edder do governo na C\u00e2mara dos Deputados, Major Vitor Hugo (PSL-GO), defendeu que o partido continue aliado \u00e0 atual gest\u00e3o federal e disse que a legenda teria acabado se n\u00e3o fosse a filia\u00e7\u00e3o do presidente.<\/p>\n\n\n\n<p>Nas audi\u00eancias privadas, segundo relatos feitos \u00e0 reportagem, o presidente disse que n\u00e3o deixar\u00e1 o partido no curto prazo e que o acesso \u00e0 presta\u00e7\u00e3o de contas da sigla definir\u00e1 seu destino.<\/p>\n\n\n\n<p>Ap\u00f3s encontro com Bolsonaro, Vitor Hugo afirmou ainda que a atual tens\u00e3o no PSL \u00e9 natural para um partido que cresceu abruptamente nas \u00faltimas elei\u00e7\u00f5es e que o esfor\u00e7o \u00e9 para que ele continue a ser um aliado do Pal\u00e1cio do Planalto.<\/p>\n\n\n\n<p>\u201cA nossa torcida \u00e9 que a gente consiga o mais r\u00e1pido poss\u00edvel superar essas tens\u00f5es para que o partido continue sendo mais do que a pedra angular do governo, que seja governo\u201d, disse.<\/p>\n\n\n\n<p>\u201cQuanto mais unidos e mais transparentes formos, maior legitimidade vamos ter para atrair os partidos em torno de n\u00f3s\u201d, afirmou.<\/p>\n\n\n\n<p>Em conversas nesta segunda com deputados aliados, o ministro da Secretaria de Governo, Luiz Eduardo Ramos, defendeu que agora n\u00e3o \u00e9 o melhor momento de se tomar uma decis\u00e3o e que o ideal \u00e9 esperar que os \u00e2nimos se acalmem.<\/p>\n\n\n\n<p>O presidente foi at\u00e9 mesmo aconselhado por ministros palacianos a deixar a discuss\u00e3o para a volta de sua viagem \u00e0 \u00c1sia.<\/p>\n\n\n\n<p>Ele embarca no pr\u00f3ximo s\u00e1bado (19) e s\u00f3 retorna ao Brasil em novembro. A avalia\u00e7\u00e3o \u00e9 de que criar neste momento uma saia-justa com o PSL pode atrapalhar vota\u00e7\u00f5es de pautas do governo.<\/p>\n\n\n\n<p>A crise de Bolsonaro com o PSL se arrasta desde os primeiros meses da gest\u00e3o, mas ganhou nova dimens\u00e3o no in\u00edcio da semana passada, quando o presidente pediu que um apoiador esquecesse o partido e disse que o presidente da legenda, Luciano Bivar, estava \u201cqueimado pra caramba\u201d.<\/p>\n\n\n\n<p>\u201cEsquece o PSL, esquece o PSL, t\u00e1 OK?\u201d, cochichou Bolsonaro no ouvido do apoiador que o esperava na porta do Pal\u00e1cio da Alvorada, para gravar um v\u00eddeo.<\/p>\n\n\n\n<p>Depois de eleger Bolsonaro com discurso contra corrup\u00e7\u00e3o, o PSL enfrenta uma crise \u00e9tica desde que foi atingido por suspeitas de candidaturas laranjas, caso revelado pelo jornal Folha de S.Paulo em fevereiro e que j\u00e1 resultou na queda do ex-chefe da Secretaria-Geral, Gustavo Bebianno.<\/p>\n\n\n\n<p>Entre os suspeitos de irregularidades est\u00e1 Bivar, que \u00e9 deputado federal, e o ministro do Turismo, Marcelo \u00c1lvaro Ant\u00f4nio.<\/p>\n\n\n\n<p>Em fevereiro, a Folha de S.Paulo revelou que o hoje ministro do Turismo de Bolsonaro patrocinou em 2018, quando era presidente do PSL-MG e candidato a deputado federal, o desvio de verbas p\u00fablicas do partido por meio de quatro candidatas do interior de Minas.<\/p>\n\n\n\n<p>Apesar de figurarem no topo das que nacionalmente mais receberam dinheiro p\u00fablico do PSL, R$ 279 mil, as quatro n\u00e3o apresentaram sinais evidentes de que tenham realizado campanha e, ao final, reuniram, juntas, apenas 2.074 votos.<\/p>\n\n\n\n<p>Parte dos recursos que \u00c1lvaro Ant\u00f4nio direcionou a elas, como presidente estadual da sigla, foi parar em empresas ligadas a assessores e ex-assessores de seu gabinete na C\u00e2mara.<\/p>\n\n\n\n<p>\u00c1lvaro Ant\u00f4nio foi alvo de den\u00fancia pelo Minist\u00e9rio P\u00fablico de Minas Gerais no \u00faltimo dia 4.<\/p>\n\n\n\n<p>Al\u00e9m de Minas, a Folha de S.Paulo revelou a exist\u00eancia do esquema tamb\u00e9m em Pernambuco, terra do presidente nacional da legenda de Bolsonaro, o deputado federal Luciano Bivar.<\/p>\n","protected":false},"excerpt":{"rendered":"<p>Filhos do presidente Jair Bolsonaro, o deputado Eduardo Bolsonaro (PSL-SP) e o senador Fl\u00e1vio Bolsonaro (PSL-RJ) atuam para tentar contornar a crise interna no PSL.&hellip; <\/p>\n","protected":false},"author":1,"featured_media":126771,"comment_status":"closed","ping_status":"closed","sticky":false,"template":"","format":"standard","meta":{"sfsi_plus_gutenberg_text_before_share":"","sfsi_plus_gutenberg_show_text_before_share":"","sfsi_plus_gutenberg_icon_type":"","sfsi_plus_gutenberg_icon_alignemt":"","sfsi_plus_gutenburg_max_per_row":"","footnotes":""},"categories":[11],"tags":[],"class_list":["post-126770","post","type-post","status-publish","format-standard","has-post-thumbnail","hentry","category-politica"],"_links":{"self":[{"href":"https:\/\/www.caririemacao.com\/1\/wp-json\/wp\/v2\/posts\/126770","targetHints":{"allow":["GET"]}}],"collection":[{"href":"https:\/\/www.caririemacao.com\/1\/wp-json\/wp\/v2\/posts"}],"about":[{"href":"https:\/\/www.caririemacao.com\/1\/wp-json\/wp\/v2\/types\/post"}],"author":[{"embeddable":true,"href":"https:\/\/www.caririemacao.com\/1\/wp-json\/wp\/v2\/users\/1"}],"replies":[{"embeddable":true,"href":"https:\/\/www.caririemacao.com\/1\/wp-json\/wp\/v2\/comments?post=126770"}],"version-history":[{"count":1,"href":"https:\/\/www.caririemacao.com\/1\/wp-json\/wp\/v2\/posts\/126770\/revisions"}],"predecessor-version":[{"id":126772,"href":"https:\/\/www.caririemacao.com\/1\/wp-json\/wp\/v2\/posts\/126770\/revisions\/126772"}],"wp:featuredmedia":[{"embeddable":true,"href":"https:\/\/www.caririemacao.com\/1\/wp-json\/wp\/v2\/media\/126771"}],"wp:attachment":[{"href":"https:\/\/www.caririemacao.com\/1\/wp-json\/wp\/v2\/media?parent=126770"}],"wp:term":[{"taxonomy":"category","embeddable":true,"href":"https:\/\/www.caririemacao.com\/1\/wp-json\/wp\/v2\/categories?post=126770"},{"taxonomy":"post_tag","embeddable":true,"href":"https:\/\/www.caririemacao.com\/1\/wp-json\/wp\/v2\/tags?post=126770"}],"curies":[{"name":"wp","href":"https:\/\/api.w.org\/{rel}","templated":true}]}}