{"id":126775,"date":"2019-10-15T09:26:17","date_gmt":"2019-10-15T12:26:17","guid":{"rendered":"http:\/\/www.caririemacao.com\/1\/?p=126775"},"modified":"2019-10-15T09:26:17","modified_gmt":"2019-10-15T12:26:17","slug":"botafogo-pb-repatria-zagueiro-e-confirma-aquisicao-de-goleiro","status":"publish","type":"post","link":"https:\/\/www.caririemacao.com\/1\/2019\/10\/15\/botafogo-pb-repatria-zagueiro-e-confirma-aquisicao-de-goleiro\/","title":{"rendered":"Botafogo-PB \u201crepatria\u201d zagueiro e confirma aquisi\u00e7\u00e3o de goleiro"},"content":{"rendered":"\n<p>Enquanto busca nomes para assumir a refer\u00eancia t\u00e9cnica no meio-campo, e at\u00e9 reabriu conversas para renovar com o camisa 10 e capit\u00e3o Marcos Aur\u00e9lio, o Botafogo-PB vai refor\u00e7ando outros setores do elenco.<\/p>\n\n\n\n<p>Na noite de segunda-feira (14), em entrevista ao programa Microfone Aberto, da R\u00e1dio Tabajara, o presidente S\u00e9rgio Meira confirmou a contrata\u00e7\u00e3o do zagueiro Marcelo Xavier, de 31 anos.<\/p>\n\n\n\n<figure class=\"wp-block-image\"><img decoding=\"async\" data-src=\"https:\/\/paraibaonline.com.br\/wp-content\/uploads\/2019\/10\/MarceloXavier_SauloPires.jpg\" alt=\"\" class=\"wp-image-812790 lazyload\" src=\"data:image\/svg+xml;base64,PHN2ZyB3aWR0aD0iMSIgaGVpZ2h0PSIxIiB4bWxucz0iaHR0cDovL3d3dy53My5vcmcvMjAwMC9zdmciPjwvc3ZnPg==\" \/><\/figure>\n\n\n\n<p>Fotos: Ascom \u2013 Montagem \/ Paraibaonline<\/p>\n\n\n\n<p>Tamb\u00e9m ontem, s\u00f3 que no in\u00edcio, o clube j\u00e1 havia confirmado a aquisi\u00e7\u00e3o do goleiro Samuel Pires, de 30 anos, vem da Penapolense-SP para concorrer com Saulo e Rhuan na meta botafoguense.<\/p>\n\n\n\n<p>Em rela\u00e7\u00e3o ao zagueiro, Marcelo Xavier esteve presente na hist\u00f3rica campanha que levou o time da estrela vermelha at\u00e9 a fase de oitavas de final da Copa do Brasil de 2016. No mesmo ano, a equipe foi eliminada pelo Boa Esporte-MG no mata-mata de acesso da S\u00e9rie C do Campeonato Brasileiro.<\/p>\n\n\n\n<p>Atualmente disputando a Copa Santa Catarina pelo Tubar\u00e3o, o jogador, que completar\u00e1 32 anos em fevereiro, passou por equipes como Maring\u00e1, Cuiab\u00e1, Oper\u00e1rio-PR, Juventus-SP e Novo Hamburgo-RS, al\u00e9m do futebol da Tail\u00e2ndia, para onde se transferiu ap\u00f3s se destacar no Belo.<\/p>\n\n\n\n<p>Marcelo Xavier tem como companheiros de posi\u00e7\u00e3o at\u00e9 o momento Fred, Donato e Lu\u00eds Gustavo.<\/p>\n\n\n\n<p>Al\u00e9m deles, o elenco botafoguense conta com os goleiros Saulo, Rhuan e Samuel Pires, os laterais Neilson e Israel (D), o lateral esquerdo M\u00e1rio S\u00e9rgio, os meio-campistas Rog\u00e9rio, Wellington C\u00e9zar, Everton Heleno, Marcos Vinicius, Eriv\u00e9lton, Juninho e Enercino, al\u00e9m dos atacantes Dico, Kelvin, Lohan e Maikon Aquino.<\/p>\n","protected":false},"excerpt":{"rendered":"<p>Enquanto busca nomes para assumir a refer\u00eancia t\u00e9cnica no meio-campo, e at\u00e9 reabriu conversas para renovar com o camisa 10 e capit\u00e3o Marcos Aur\u00e9lio, o&hellip; <\/p>\n","protected":false},"author":1,"featured_media":126776,"comment_status":"closed","ping_status":"closed","sticky":false,"template":"","format":"standard","meta":{"sfsi_plus_gutenberg_text_before_share":"","sfsi_plus_gutenberg_show_text_before_share":"","sfsi_plus_gutenberg_icon_type":"","sfsi_plus_gutenberg_icon_alignemt":"","sfsi_plus_gutenburg_max_per_row":"","footnotes":""},"categories":[13],"tags":[],"class_list":["post-126775","post","type-post","status-publish","format-standard","has-post-thumbnail","hentry","category-esportes"],"_links":{"self":[{"href":"https:\/\/www.caririemacao.com\/1\/wp-json\/wp\/v2\/posts\/126775","targetHints":{"allow":["GET"]}}],"collection":[{"href":"https:\/\/www.caririemacao.com\/1\/wp-json\/wp\/v2\/posts"}],"about":[{"href":"https:\/\/www.caririemacao.com\/1\/wp-json\/wp\/v2\/types\/post"}],"author":[{"embeddable":true,"href":"https:\/\/www.caririemacao.com\/1\/wp-json\/wp\/v2\/users\/1"}],"replies":[{"embeddable":true,"href":"https:\/\/www.caririemacao.com\/1\/wp-json\/wp\/v2\/comments?post=126775"}],"version-history":[{"count":1,"href":"https:\/\/www.caririemacao.com\/1\/wp-json\/wp\/v2\/posts\/126775\/revisions"}],"predecessor-version":[{"id":126777,"href":"https:\/\/www.caririemacao.com\/1\/wp-json\/wp\/v2\/posts\/126775\/revisions\/126777"}],"wp:featuredmedia":[{"embeddable":true,"href":"https:\/\/www.caririemacao.com\/1\/wp-json\/wp\/v2\/media\/126776"}],"wp:attachment":[{"href":"https:\/\/www.caririemacao.com\/1\/wp-json\/wp\/v2\/media?parent=126775"}],"wp:term":[{"taxonomy":"category","embeddable":true,"href":"https:\/\/www.caririemacao.com\/1\/wp-json\/wp\/v2\/categories?post=126775"},{"taxonomy":"post_tag","embeddable":true,"href":"https:\/\/www.caririemacao.com\/1\/wp-json\/wp\/v2\/tags?post=126775"}],"curies":[{"name":"wp","href":"https:\/\/api.w.org\/{rel}","templated":true}]}}