{"id":126789,"date":"2019-10-15T09:33:42","date_gmt":"2019-10-15T12:33:42","guid":{"rendered":"http:\/\/www.caririemacao.com\/1\/?p=126789"},"modified":"2019-10-15T09:33:42","modified_gmt":"2019-10-15T12:33:42","slug":"flamengo-quebra-tabu-e-var-em-curitiba","status":"publish","type":"post","link":"https:\/\/www.caririemacao.com\/1\/2019\/10\/15\/flamengo-quebra-tabu-e-var-em-curitiba\/","title":{"rendered":"Flamengo quebra tabu e VAR em Curitiba"},"content":{"rendered":"\n<p>H\u00e1 oito anos o Flamengo n\u00e3o vencia o Athletico-PR dentro da Arena da Baixada, em Curitiba. Mas no \u00faltimo domingo (13), com dois gols de Bruno Henrique, mais um tabu foi por terra para o l\u00edder isolado do Brasileir\u00e3o.<\/p>\n\n\n\n<p>Apesar da vit\u00f3ria, o treinador Jorge Jesus n\u00e3o poupou cr\u00edticas \u00e0 arbitragem, em especial ao juiz Rodrigo do Amaral (SP), que operou o \u00e1rbitro de v\u00eddeo (VAR) e anulou uma penalidade a favor do Flamengo no primeiro tempo, quando o jogo ainda estava empatado em 0 a 0.Audio Player00:0000:00<strong>Ou\u00e7a na R\u00e1dio Nacional<\/strong><\/p>\n\n\n\n<p>\u201cN\u00e3o pode tomar uma decis\u00e3o e nem estar no campo para fazer outras asneiras. N\u00e3o tem capacidade. Nem sei quem foi, mas n\u00e3o pode andar no VAR. Vai para casa, f\u00e9rias\u201d, esbravejou o treinador portugu\u00eas, que tamb\u00e9m foi amarelado pelo juiz Br\u00e1ulio da Silva Machado (SC), assim como outros cinco jogadores do time carioca.<\/p>\n\n\n\n<p>Para a pr\u00f3xima partida do Flamengo, contra o Fortaleza no Castel\u00e3o, Everton Ribeiro e Bruno Henrique est\u00e3o suspensos. Outra baixa flamenguista \u00e9 Rafinha. O lateral-direito sofreu um traumatismo na face ap\u00f3s um choque com o atacante Rony.<\/p>\n\n\n\n<p>Depois do compromisso no Cear\u00e1, o Flamengo volta ao Rio para enfrentar o Fluminense no Maracan\u00e3.<\/p>\n","protected":false},"excerpt":{"rendered":"<p>H\u00e1 oito anos o Flamengo n\u00e3o vencia o Athletico-PR dentro da Arena da Baixada, em Curitiba. Mas no \u00faltimo domingo (13), com dois gols de&hellip; <\/p>\n","protected":false},"author":1,"featured_media":86404,"comment_status":"closed","ping_status":"closed","sticky":false,"template":"","format":"standard","meta":{"sfsi_plus_gutenberg_text_before_share":"","sfsi_plus_gutenberg_show_text_before_share":"","sfsi_plus_gutenberg_icon_type":"","sfsi_plus_gutenberg_icon_alignemt":"","sfsi_plus_gutenburg_max_per_row":"","footnotes":""},"categories":[13],"tags":[],"class_list":["post-126789","post","type-post","status-publish","format-standard","has-post-thumbnail","hentry","category-esportes"],"_links":{"self":[{"href":"https:\/\/www.caririemacao.com\/1\/wp-json\/wp\/v2\/posts\/126789","targetHints":{"allow":["GET"]}}],"collection":[{"href":"https:\/\/www.caririemacao.com\/1\/wp-json\/wp\/v2\/posts"}],"about":[{"href":"https:\/\/www.caririemacao.com\/1\/wp-json\/wp\/v2\/types\/post"}],"author":[{"embeddable":true,"href":"https:\/\/www.caririemacao.com\/1\/wp-json\/wp\/v2\/users\/1"}],"replies":[{"embeddable":true,"href":"https:\/\/www.caririemacao.com\/1\/wp-json\/wp\/v2\/comments?post=126789"}],"version-history":[{"count":1,"href":"https:\/\/www.caririemacao.com\/1\/wp-json\/wp\/v2\/posts\/126789\/revisions"}],"predecessor-version":[{"id":126790,"href":"https:\/\/www.caririemacao.com\/1\/wp-json\/wp\/v2\/posts\/126789\/revisions\/126790"}],"wp:featuredmedia":[{"embeddable":true,"href":"https:\/\/www.caririemacao.com\/1\/wp-json\/wp\/v2\/media\/86404"}],"wp:attachment":[{"href":"https:\/\/www.caririemacao.com\/1\/wp-json\/wp\/v2\/media?parent=126789"}],"wp:term":[{"taxonomy":"category","embeddable":true,"href":"https:\/\/www.caririemacao.com\/1\/wp-json\/wp\/v2\/categories?post=126789"},{"taxonomy":"post_tag","embeddable":true,"href":"https:\/\/www.caririemacao.com\/1\/wp-json\/wp\/v2\/tags?post=126789"}],"curies":[{"name":"wp","href":"https:\/\/api.w.org\/{rel}","templated":true}]}}