{"id":126832,"date":"2019-10-15T13:28:25","date_gmt":"2019-10-15T16:28:25","guid":{"rendered":"http:\/\/www.caririemacao.com\/1\/?p=126832"},"modified":"2019-10-15T13:28:25","modified_gmt":"2019-10-15T16:28:25","slug":"peregrinar-ao-templo-da-boa-vontade-um-ato-de-fe-realizante","status":"publish","type":"post","link":"https:\/\/www.caririemacao.com\/1\/2019\/10\/15\/peregrinar-ao-templo-da-boa-vontade-um-ato-de-fe-realizante\/","title":{"rendered":"Peregrinar ao Templo da Boa Vontade: um ato de F\u00e9 Realizante"},"content":{"rendered":"\n<p>Eleito uma das Sete Maravilhas de Bras\u00edlia&nbsp;e considerado o monumento mais visitado da capital brasileira, segundo dados da Secretaria de Estado de Turismo do Distrito Federal (Setur-DF), o Templo da Boa Vontade (TBV), desde sua inaugura\u00e7\u00e3o em 21 de outubro de 1989, mant\u00e9m as portas abertas a todas as pessoas interessadas em usufruir de sua ambi\u00eancia de tranquilidade.<\/p>\n\n\n\n<p>Tamb\u00e9m conhecido como Templo da Paz, \u00e9 o primeiro monumento no mundo dedicado ao Ecumenismo Irrestrito e Total. \u00c9 um not\u00e1vel espa\u00e7o de encontro e de express\u00e3o para o di\u00e1logo e o relacionamento inter-religioso. O monumento foi definido pelo tradicional jornal&nbsp;<em>Di\u00e1rio de Not\u00edcias<\/em>, de Portugal, como a&nbsp;<em>\u201cmaior constru\u00e7\u00e3o piramidal [de sete faces] do s\u00e9culo 20\u201d<\/em>.<\/p>\n\n\n\n<figure class=\"wp-block-image\"><a href=\"http:\/\/noticiasemdestaque.com\/cd\/wp-content\/uploads\/2019\/10\/2.NAVE-e-Espiral-do-TBV.jpg\"><img decoding=\"async\" data-src=\"http:\/\/noticiasemdestaque.com\/cd\/wp-content\/uploads\/2019\/10\/2.NAVE-e-Espiral-do-TBV-1024x331.jpg\" alt=\"\" class=\"wp-image-20246 lazyload\" src=\"data:image\/svg+xml;base64,PHN2ZyB3aWR0aD0iMSIgaGVpZ2h0PSIxIiB4bWxucz0iaHR0cDovL3d3dy53My5vcmcvMjAwMC9zdmciPjwvc3ZnPg==\" style=\"--smush-placeholder-width: 1024px; --smush-placeholder-aspect-ratio: 1024\/331;\" \/><\/a><\/figure>\n\n\n\n<p>Ao logo desses 30 anos de exist\u00eancia, tornou-se uma tradi\u00e7\u00e3o peregrinar ao monumento. Milhares de pessoas visitam e percorrem seus diversos ambientes, entre eles a Fonte Sagrada. Por causa das energias positivas que o Templo da Paz propicia, os peregrinos costumam, al\u00e9m de beber da \u00e1gua, tamb\u00e9m enchem garrafas para levar para casa, para amigos e para parentes que sofrem de alguma enfermidade. No mesmo ambiente da Fonte, h\u00e1 uma escultura francesa do s\u00e9culo 18, feita em bronze, que representa Jesus, o Cristo Ecum\u00eanico, a estender Sua m\u00e3o sobre todos. Muitas pessoas demonstram F\u00e9, devo\u00e7\u00e3o e gratid\u00e3o beijando os p\u00e9s da obra art\u00edstica.<\/p>\n\n\n\n<p><strong>30 anos promovendo a Espiritualidade na busca do equil\u00edbrio<\/strong><\/p>\n\n\n\n<p>Neste ano, o Templo do Ecumenismo Divino, como igualmente \u00e9 denominado o TBV, completa seu 30<s>\u00ba<\/s>&nbsp;anivers\u00e1rio de exist\u00eancia. Para celebrar essa importante ocasi\u00e3o, uma s\u00e9rie de eventos&nbsp;se realizam durante o m\u00eas de outubro, em especial nos dias 18 e 19.<\/p>\n\n\n\n<p>O ponto alto \u00e9 a sess\u00e3o solene, que ocorrer\u00e1 no dia 19 (s\u00e1bado), no per\u00edodo da tarde, na Pra\u00e7a da Paz, sob o comando do fundador do TBV, o jornalista e escritor Jos\u00e9 de Paiva Netto, que transmitir\u00e1 uma mensagem fraterna, ecum\u00eanica e de Paz a todas as fam\u00edlias do Brasil e do exterior. Participe com sua fam\u00edlia e seus amigos! O TBV fica na Quadra 915 Sul. Informa\u00e7\u00f5es pelo tel. (61) 3114-1070 ou no&nbsp;<em>site&nbsp;<\/em><a href=\"http:\/\/www.amigosdotbv.org\/\"><strong>www.amigosdotbv.org<\/strong><\/a>.<\/p>\n","protected":false},"excerpt":{"rendered":"<p>Eleito uma das Sete Maravilhas de Bras\u00edlia&nbsp;e considerado o monumento mais visitado da capital brasileira, segundo dados da Secretaria de Estado de Turismo do Distrito&hellip; <\/p>\n","protected":false},"author":1,"featured_media":126833,"comment_status":"closed","ping_status":"closed","sticky":false,"template":"","format":"standard","meta":{"sfsi_plus_gutenberg_text_before_share":"","sfsi_plus_gutenberg_show_text_before_share":"","sfsi_plus_gutenberg_icon_type":"","sfsi_plus_gutenberg_icon_alignemt":"","sfsi_plus_gutenburg_max_per_row":"","footnotes":""},"categories":[2],"tags":[],"class_list":["post-126832","post","type-post","status-publish","format-standard","has-post-thumbnail","hentry","category-geral"],"_links":{"self":[{"href":"https:\/\/www.caririemacao.com\/1\/wp-json\/wp\/v2\/posts\/126832","targetHints":{"allow":["GET"]}}],"collection":[{"href":"https:\/\/www.caririemacao.com\/1\/wp-json\/wp\/v2\/posts"}],"about":[{"href":"https:\/\/www.caririemacao.com\/1\/wp-json\/wp\/v2\/types\/post"}],"author":[{"embeddable":true,"href":"https:\/\/www.caririemacao.com\/1\/wp-json\/wp\/v2\/users\/1"}],"replies":[{"embeddable":true,"href":"https:\/\/www.caririemacao.com\/1\/wp-json\/wp\/v2\/comments?post=126832"}],"version-history":[{"count":1,"href":"https:\/\/www.caririemacao.com\/1\/wp-json\/wp\/v2\/posts\/126832\/revisions"}],"predecessor-version":[{"id":126834,"href":"https:\/\/www.caririemacao.com\/1\/wp-json\/wp\/v2\/posts\/126832\/revisions\/126834"}],"wp:featuredmedia":[{"embeddable":true,"href":"https:\/\/www.caririemacao.com\/1\/wp-json\/wp\/v2\/media\/126833"}],"wp:attachment":[{"href":"https:\/\/www.caririemacao.com\/1\/wp-json\/wp\/v2\/media?parent=126832"}],"wp:term":[{"taxonomy":"category","embeddable":true,"href":"https:\/\/www.caririemacao.com\/1\/wp-json\/wp\/v2\/categories?post=126832"},{"taxonomy":"post_tag","embeddable":true,"href":"https:\/\/www.caririemacao.com\/1\/wp-json\/wp\/v2\/tags?post=126832"}],"curies":[{"name":"wp","href":"https:\/\/api.w.org\/{rel}","templated":true}]}}